{"id":2952,"date":"2026-03-18T20:30:31","date_gmt":"2026-03-18T19:30:31","guid":{"rendered":"https:\/\/www.grupboix.com\/?p=2952"},"modified":"2026-03-18T20:30:31","modified_gmt":"2026-03-18T19:30:31","slug":"grup-boix-irrumpe-en-el-sector-de-la-construccion-en-madera-con-su-primera-participacion-en-rebuild-2026","status":"publish","type":"post","link":"https:\/\/www.grupboix.com\/es\/grup-boix-irrumpe-en-el-sector-de-la-construccion-en-madera-con-su-primera-participacion-en-rebuild-2026\/","title":{"rendered":"Grup Boix irrumpe en el sector de la construcci\u00f3n en madera con su primera participaci\u00f3n en REBUILD 2026"},"content":{"rendered":"<p>Grup Boix participar\u00e1 por primera vez como expositor en <a href=\"https:\/\/www.rebuildexpo.com\/\">REBUILD<\/a> 2026, el principal evento de innovaci\u00f3n para el sector de la edificaci\u00f3n en Espa\u00f1a, que se celebrar\u00e1 del 24 al 26 de marzo en IFEMA Madrid. La presencia en la feria marca un nuevo paso en la estrategia del grupo para posicionarse dentro del sector de la construcci\u00f3n industrializada con soluciones estructurales en madera.<\/p>\n<p>Con m\u00e1s de cincuenta a\u00f1os de experiencia en gesti\u00f3n forestal y transformaci\u00f3n de la madera, la empresa berguedana aprovechar\u00e1 su presencia en REBUILD para presentar al sector sus soluciones constructivas basadas en madera estructural, con especial protagonismo de los paneles CLT (Cross Laminated Timber), un material clave en el desarrollo de una edificaci\u00f3n m\u00e1s sostenible, eficiente e industrializada.<\/p>\n<p><strong>Un salto industrial con la producci\u00f3n de CLT<\/strong><\/p>\n<p>La participaci\u00f3n en REBUILD llega tras la puesta en marcha de la <a href=\"https:\/\/www.grupboix.com\/es\/grup-boix-consolida-su-liderazgo-con-una-inversion-industrial-de-40-millones-de-euros\/\">nueva planta industrial de CLT de Grup Boix<\/a> en Puig-reig, un proyecto que ha supuesto una inversi\u00f3n de 40 millones de euros y que representa uno de los principales saltos tecnol\u00f3gicos del sector de la madera constructiva en Catalu\u00f1a.<\/p>\n<p>Esta instalaci\u00f3n permite transformar madera de proximidad en paneles estructurales de altas prestaciones para la construcci\u00f3n, reforzando el modelo de integraci\u00f3n vertical del grupo: desde la gesti\u00f3n del bosque hasta la producci\u00f3n de soluciones constructivas con valor a\u00f1adido.<\/p>\n<p><em>\u201cLa construcci\u00f3n en madera est\u00e1 entrando en una nueva fase de industrializaci\u00f3n y queremos formar parte de este cambio. Con la nueva planta de CLT y nuestra presencia en REBUILD, damos un paso adelante para posicionarnos como proveedor industrial del sector\u201d,<\/em> explica Carles Mart\u00ed, director general del grupo.<\/p>\n<p>Adem\u00e1s del <strong>CLT<\/strong>, Grup Boix presentar\u00e1 en la feria otras soluciones estructurales en madera como la madera laminada encolada (<strong>GLULAM<\/strong>), utilizada principalmente en vigas estructurales, as\u00ed como los paneles <strong>BOIX Monocapa<\/strong>, un tablero alistonado de madera maciza de pino formado por l\u00e1minas encoladas por el canto y unidas mediante dentado. Este producto, destinado a aplicaciones como revestimientos, mobiliario u otros usos constructivos, forma parte de la larga trayectoria de la empresa en la producci\u00f3n de productos elaborados de madera maciza con altos est\u00e1ndares de calidad.<\/p>\n<p><strong>Participaci\u00f3n en el Congreso de Arquitectura Avanzada y Construcci\u00f3n 4.0<\/strong><\/p>\n<p>En paralelo al espacio expositivo, el grupo tambi\u00e9n participar\u00e1 en el Congreso de Arquitectura Avanzada y Construcci\u00f3n 4.0, que re\u00fane a m\u00e1s de 700 expertos nacionales e internacionales para analizar las principales tendencias del sector.<\/p>\n<p>En este marco, David Masachs, director comercial de proyectos CLT de Grup Boix, intervendr\u00e1 como ponente en la mesa redonda \u201cSounds Wood Meeting. Challenge de la madera\u201d, que tendr\u00e1 lugar el 24 de marzo a las 10:45 h en el Auditorium Lignum Tech.<\/p>\n<p>La sesi\u00f3n abordar\u00e1 el papel de la madera en el nuevo modelo constructivo, junto a otros expertos del sector como Juan Antonio G\u00f3mez-Pintado, Susana Jara, Ismael Olveira y Mar\u00eda Teresa Verd\u00fa Mart\u00ednez.<\/p>\n<p><strong>Participaci\u00f3n en el Congreso de Arquitectura Avanzada y Construcci\u00f3n 4.0<\/strong><\/p>\n<p>En paralelo al espacio expositivo, el grupo tambi\u00e9n participar\u00e1 en el Congreso de Arquitectura Avanzada y Construcci\u00f3n 4.0, que re\u00fane a m\u00e1s de 700 expertos nacionales e internacionales para analizar las principales tendencias del sector.<\/p>\n<p>En este marco, David Masachs, director comercial de proyectos CLT de Grup Boix, intervendr\u00e1 como ponente en la mesa redonda \u201cSounds Wood Meeting. Challenge de la madera\u201d, que tendr\u00e1 lugar el 24 de marzo a las 10:45 h en el Auditorium Lignum Tech.<\/p>\n<p>La sesi\u00f3n abordar\u00e1 el papel de la madera en el nuevo modelo constructivo, junto a otros expertos del sector como Juan Antonio G\u00f3mez-Pintado, Susana Jara, Ismael Olveira y Mar\u00eda Teresa Verd\u00fa Mart\u00ednez.<\/p>\n<p><strong>Un nuevo actor en la construcci\u00f3n en madera<\/strong><\/p>\n<p>Con su participaci\u00f3n en REBUILD 2026, Grup Boix se presenta al sector como un nuevo actor en la producci\u00f3n de soluciones estructurales en madera para la construcci\u00f3n industrializada. La empresa defiende que materiales como el CLT tendr\u00e1n un papel clave en la transformaci\u00f3n del modelo constructivo, gracias a su capacidad para reducir el impacto ambiental de los edificios, mejorar la eficiencia de los procesos constructivos e impulsar la industrializaci\u00f3n del sector.<\/p>\n<p>La feria reunir\u00e1 a m\u00e1s de 30.000 profesionales \u2014constructores, arquitectos e ingenieros\u2014 y m\u00e1s de 750 empresas expositoras, consolid\u00e1ndose como el gran punto de encuentro del sector de la edificaci\u00f3n en \u00e1mbitos como la industrializaci\u00f3n, la sostenibilidad y la digitalizaci\u00f3n.<\/p>\n<p><strong><em>Grup Boix expondr\u00e1 en el pabell\u00f3n 8, stand 8A113.<\/em><\/strong><\/p>\n<p><img loading=\"lazy\" decoding=\"async\" class=\"aligncenter wp-image-2944 size-full\" src=\"https:\/\/www.grupboix.com\/wp-content\/uploads\/2026\/03\/grup-boix-rebuild-2026.png\" alt=\"REBUILD 2026\" width=\"1191\" height=\"842\" srcset=\"https:\/\/www.grupboix.com\/wp-content\/uploads\/2026\/03\/grup-boix-rebuild-2026.png 1191w, https:\/\/www.grupboix.com\/wp-content\/uploads\/2026\/03\/grup-boix-rebuild-2026-300x212.png 300w, https:\/\/www.grupboix.com\/wp-content\/uploads\/2026\/03\/grup-boix-rebuild-2026-1024x724.png 1024w, https:\/\/www.grupboix.com\/wp-content\/uploads\/2026\/03\/grup-boix-rebuild-2026-768x543.png 768w\" sizes=\"auto, (max-width: 1191px) 100vw, 1191px\" \/><\/p>\n","protected":false},"excerpt":{"rendered":"<p>Grup Boix participar\u00e1 por primera vez como expositor en REBUILD 2026, el principal evento de innovaci\u00f3n para el sector de la edificaci\u00f3n en Espa\u00f1a, que se celebrar\u00e1 del 24 al 26 de marzo en IFEMA Madrid. La presencia en la feria marca un nuevo paso en la estrategia del grupo para posicionarse dentro del sector [&hellip;]<\/p>\n","protected":false},"author":10,"featured_media":2953,"comment_status":"closed","ping_status":"closed","sticky":false,"template":"","format":"standard","meta":{"footnotes":""},"categories":[74],"tags":[99],"class_list":["post-2952","post","type-post","status-publish","format-standard","has-post-thumbnail","hentry","category-grup-boix","tag-rebuild-2026"],"yoast_head":"<!-- This site is optimized with the Yoast SEO plugin v27.5 - https:\/\/yoast.com\/product\/yoast-seo-wordpress\/ -->\n<title>Primera participaci\u00f3n en REBUILD 2026<\/title>\n<meta name=\"description\" content=\"Grup Boix participar\u00e1 por primera vez como expositor en REBUILD 2026, el principal evento de innovaci\u00f3n para el sector de la edificaci\u00f3n en Espa\u00f1a\" \/>\n<meta name=\"robots\" content=\"index, follow, max-snippet:-1, max-image-preview:large, max-video-preview:-1\" \/>\n<link rel=\"canonical\" href=\"https:\/\/www.grupboix.com\/es\/grup-boix-irrumpe-en-el-sector-de-la-construccion-en-madera-con-su-primera-participacion-en-rebuild-2026\/\" \/>\n<meta property=\"og:locale\" content=\"es_ES\" \/>\n<meta property=\"og:type\" content=\"article\" \/>\n<meta property=\"og:title\" content=\"Primera participaci\u00f3n en REBUILD 2026\" \/>\n<meta property=\"og:description\" content=\"Grup Boix participar\u00e1 por primera vez como expositor en REBUILD 2026, el principal evento de innovaci\u00f3n para el sector de la edificaci\u00f3n en Espa\u00f1a\" \/>\n<meta property=\"og:url\" content=\"https:\/\/www.grupboix.com\/es\/grup-boix-irrumpe-en-el-sector-de-la-construccion-en-madera-con-su-primera-participacion-en-rebuild-2026\/\" \/>\n<meta property=\"og:site_name\" content=\"Grup Boix\" \/>\n<meta property=\"article:publisher\" content=\"https:\/\/www.facebook.com\/serradoraboix\" \/>\n<meta property=\"article:published_time\" content=\"2026-03-18T19:30:31+00:00\" \/>\n<meta property=\"og:image\" content=\"https:\/\/www.grupboix.com\/wp-content\/uploads\/2026\/03\/grup-boix-irromp-al-sector-de-la-construccio-en-fusta-amb-la-seva-primera-participacio-a-rebuild-2026-1.jpg\" \/>\n\t<meta property=\"og:image:width\" content=\"1921\" \/>\n\t<meta property=\"og:image:height\" content=\"1080\" \/>\n\t<meta property=\"og:image:type\" content=\"image\/jpeg\" \/>\n<meta name=\"author\" content=\"Llu\u00eds Feliu\" \/>\n<meta name=\"twitter:card\" content=\"summary_large_image\" \/>\n<meta name=\"twitter:creator\" content=\"@serradoraboix\" \/>\n<meta name=\"twitter:site\" content=\"@serradoraboix\" \/>\n<meta name=\"twitter:label1\" content=\"Escrito por\" \/>\n\t<meta name=\"twitter:data1\" content=\"Llu\u00eds Feliu\" \/>\n\t<meta name=\"twitter:label2\" content=\"Tiempo de lectura\" \/>\n\t<meta name=\"twitter:data2\" content=\"4 minutos\" \/>\n<script type=\"application\/ld+json\" class=\"yoast-schema-graph\">{\"@context\":\"https:\\\/\\\/schema.org\",\"@graph\":[{\"@type\":\"Article\",\"@id\":\"https:\\\/\\\/www.grupboix.com\\\/es\\\/grup-boix-irrumpe-en-el-sector-de-la-construccion-en-madera-con-su-primera-participacion-en-rebuild-2026\\\/#article\",\"isPartOf\":{\"@id\":\"https:\\\/\\\/www.grupboix.com\\\/es\\\/grup-boix-irrumpe-en-el-sector-de-la-construccion-en-madera-con-su-primera-participacion-en-rebuild-2026\\\/\"},\"author\":{\"name\":\"Llu\u00eds Feliu\",\"@id\":\"https:\\\/\\\/www.grupboix.com\\\/#\\\/schema\\\/person\\\/1509837a0486c91610d98260be309187\"},\"headline\":\"Grup Boix irrumpe en el sector de la construcci\u00f3n en madera con su primera participaci\u00f3n en REBUILD 2026\",\"datePublished\":\"2026-03-18T19:30:31+00:00\",\"mainEntityOfPage\":{\"@id\":\"https:\\\/\\\/www.grupboix.com\\\/es\\\/grup-boix-irrumpe-en-el-sector-de-la-construccion-en-madera-con-su-primera-participacion-en-rebuild-2026\\\/\"},\"wordCount\":782,\"image\":{\"@id\":\"https:\\\/\\\/www.grupboix.com\\\/es\\\/grup-boix-irrumpe-en-el-sector-de-la-construccion-en-madera-con-su-primera-participacion-en-rebuild-2026\\\/#primaryimage\"},\"thumbnailUrl\":\"https:\\\/\\\/www.grupboix.com\\\/wp-content\\\/uploads\\\/2026\\\/03\\\/grup-boix-irromp-al-sector-de-la-construccio-en-fusta-amb-la-seva-primera-participacio-a-rebuild-2026-1.jpg\",\"keywords\":[\"Rebuild 2026\"],\"articleSection\":[\"Grup Boix\"],\"inLanguage\":\"es\"},{\"@type\":\"WebPage\",\"@id\":\"https:\\\/\\\/www.grupboix.com\\\/es\\\/grup-boix-irrumpe-en-el-sector-de-la-construccion-en-madera-con-su-primera-participacion-en-rebuild-2026\\\/\",\"url\":\"https:\\\/\\\/www.grupboix.com\\\/es\\\/grup-boix-irrumpe-en-el-sector-de-la-construccion-en-madera-con-su-primera-participacion-en-rebuild-2026\\\/\",\"name\":\"Primera participaci\u00f3n en REBUILD 2026\",\"isPartOf\":{\"@id\":\"https:\\\/\\\/www.grupboix.com\\\/#website\"},\"primaryImageOfPage\":{\"@id\":\"https:\\\/\\\/www.grupboix.com\\\/es\\\/grup-boix-irrumpe-en-el-sector-de-la-construccion-en-madera-con-su-primera-participacion-en-rebuild-2026\\\/#primaryimage\"},\"image\":{\"@id\":\"https:\\\/\\\/www.grupboix.com\\\/es\\\/grup-boix-irrumpe-en-el-sector-de-la-construccion-en-madera-con-su-primera-participacion-en-rebuild-2026\\\/#primaryimage\"},\"thumbnailUrl\":\"https:\\\/\\\/www.grupboix.com\\\/wp-content\\\/uploads\\\/2026\\\/03\\\/grup-boix-irromp-al-sector-de-la-construccio-en-fusta-amb-la-seva-primera-participacio-a-rebuild-2026-1.jpg\",\"datePublished\":\"2026-03-18T19:30:31+00:00\",\"author\":{\"@id\":\"https:\\\/\\\/www.grupboix.com\\\/#\\\/schema\\\/person\\\/1509837a0486c91610d98260be309187\"},\"description\":\"Grup Boix participar\u00e1 por primera vez como expositor en REBUILD 2026, el principal evento de innovaci\u00f3n para el sector de la edificaci\u00f3n en Espa\u00f1a\",\"inLanguage\":\"es\",\"potentialAction\":[{\"@type\":\"ReadAction\",\"target\":[\"https:\\\/\\\/www.grupboix.com\\\/es\\\/grup-boix-irrumpe-en-el-sector-de-la-construccion-en-madera-con-su-primera-participacion-en-rebuild-2026\\\/\"]}]},{\"@type\":\"ImageObject\",\"inLanguage\":\"es\",\"@id\":\"https:\\\/\\\/www.grupboix.com\\\/es\\\/grup-boix-irrumpe-en-el-sector-de-la-construccion-en-madera-con-su-primera-participacion-en-rebuild-2026\\\/#primaryimage\",\"url\":\"https:\\\/\\\/www.grupboix.com\\\/wp-content\\\/uploads\\\/2026\\\/03\\\/grup-boix-irromp-al-sector-de-la-construccio-en-fusta-amb-la-seva-primera-participacio-a-rebuild-2026-1.jpg\",\"contentUrl\":\"https:\\\/\\\/www.grupboix.com\\\/wp-content\\\/uploads\\\/2026\\\/03\\\/grup-boix-irromp-al-sector-de-la-construccio-en-fusta-amb-la-seva-primera-participacio-a-rebuild-2026-1.jpg\",\"width\":1921,\"height\":1080,\"caption\":\"Grup Boix irrumpe en el sector de la construcci\u00f3n en madera con su primera participaci\u00f3n en REBUILD 2026\"},{\"@type\":\"WebSite\",\"@id\":\"https:\\\/\\\/www.grupboix.com\\\/#website\",\"url\":\"https:\\\/\\\/www.grupboix.com\\\/\",\"name\":\"Grup Boix\",\"description\":\"Fusta avui, bosc per sempre! Assegurar la protecci\u00f3, la regeneraci\u00f3 i la superviv\u00e8ncia dels boscos per millorar la seva capacitat d\u2019adaptaci\u00f3 i mantenir la biodiversitat\",\"potentialAction\":[{\"@type\":\"SearchAction\",\"target\":{\"@type\":\"EntryPoint\",\"urlTemplate\":\"https:\\\/\\\/www.grupboix.com\\\/?s={search_term_string}\"},\"query-input\":{\"@type\":\"PropertyValueSpecification\",\"valueRequired\":true,\"valueName\":\"search_term_string\"}}],\"inLanguage\":\"es\"},{\"@type\":\"Person\",\"@id\":\"https:\\\/\\\/www.grupboix.com\\\/#\\\/schema\\\/person\\\/1509837a0486c91610d98260be309187\",\"name\":\"Llu\u00eds Feliu\",\"url\":\"https:\\\/\\\/www.grupboix.com\\\/es\\\/author\\\/llfeliu\\\/\"}]}<\/script>\n<!-- \/ Yoast SEO plugin. -->","yoast_head_json":{"title":"Primera participaci\u00f3n en REBUILD 2026","description":"Grup Boix participar\u00e1 por primera vez como expositor en REBUILD 2026, el principal evento de innovaci\u00f3n para el sector de la edificaci\u00f3n en Espa\u00f1a","robots":{"index":"index","follow":"follow","max-snippet":"max-snippet:-1","max-image-preview":"max-image-preview:large","max-video-preview":"max-video-preview:-1"},"canonical":"https:\/\/www.grupboix.com\/es\/grup-boix-irrumpe-en-el-sector-de-la-construccion-en-madera-con-su-primera-participacion-en-rebuild-2026\/","og_locale":"es_ES","og_type":"article","og_title":"Primera participaci\u00f3n en REBUILD 2026","og_description":"Grup Boix participar\u00e1 por primera vez como expositor en REBUILD 2026, el principal evento de innovaci\u00f3n para el sector de la edificaci\u00f3n en Espa\u00f1a","og_url":"https:\/\/www.grupboix.com\/es\/grup-boix-irrumpe-en-el-sector-de-la-construccion-en-madera-con-su-primera-participacion-en-rebuild-2026\/","og_site_name":"Grup Boix","article_publisher":"https:\/\/www.facebook.com\/serradoraboix","article_published_time":"2026-03-18T19:30:31+00:00","og_image":[{"width":1921,"height":1080,"url":"https:\/\/www.grupboix.com\/wp-content\/uploads\/2026\/03\/grup-boix-irromp-al-sector-de-la-construccio-en-fusta-amb-la-seva-primera-participacio-a-rebuild-2026-1.jpg","type":"image\/jpeg"}],"author":"Llu\u00eds Feliu","twitter_card":"summary_large_image","twitter_creator":"@serradoraboix","twitter_site":"@serradoraboix","twitter_misc":{"Escrito por":"Llu\u00eds Feliu","Tiempo de lectura":"4 minutos"},"schema":{"@context":"https:\/\/schema.org","@graph":[{"@type":"Article","@id":"https:\/\/www.grupboix.com\/es\/grup-boix-irrumpe-en-el-sector-de-la-construccion-en-madera-con-su-primera-participacion-en-rebuild-2026\/#article","isPartOf":{"@id":"https:\/\/www.grupboix.com\/es\/grup-boix-irrumpe-en-el-sector-de-la-construccion-en-madera-con-su-primera-participacion-en-rebuild-2026\/"},"author":{"name":"Llu\u00eds Feliu","@id":"https:\/\/www.grupboix.com\/#\/schema\/person\/1509837a0486c91610d98260be309187"},"headline":"Grup Boix irrumpe en el sector de la construcci\u00f3n en madera con su primera participaci\u00f3n en REBUILD 2026","datePublished":"2026-03-18T19:30:31+00:00","mainEntityOfPage":{"@id":"https:\/\/www.grupboix.com\/es\/grup-boix-irrumpe-en-el-sector-de-la-construccion-en-madera-con-su-primera-participacion-en-rebuild-2026\/"},"wordCount":782,"image":{"@id":"https:\/\/www.grupboix.com\/es\/grup-boix-irrumpe-en-el-sector-de-la-construccion-en-madera-con-su-primera-participacion-en-rebuild-2026\/#primaryimage"},"thumbnailUrl":"https:\/\/www.grupboix.com\/wp-content\/uploads\/2026\/03\/grup-boix-irromp-al-sector-de-la-construccio-en-fusta-amb-la-seva-primera-participacio-a-rebuild-2026-1.jpg","keywords":["Rebuild 2026"],"articleSection":["Grup Boix"],"inLanguage":"es"},{"@type":"WebPage","@id":"https:\/\/www.grupboix.com\/es\/grup-boix-irrumpe-en-el-sector-de-la-construccion-en-madera-con-su-primera-participacion-en-rebuild-2026\/","url":"https:\/\/www.grupboix.com\/es\/grup-boix-irrumpe-en-el-sector-de-la-construccion-en-madera-con-su-primera-participacion-en-rebuild-2026\/","name":"Primera participaci\u00f3n en REBUILD 2026","isPartOf":{"@id":"https:\/\/www.grupboix.com\/#website"},"primaryImageOfPage":{"@id":"https:\/\/www.grupboix.com\/es\/grup-boix-irrumpe-en-el-sector-de-la-construccion-en-madera-con-su-primera-participacion-en-rebuild-2026\/#primaryimage"},"image":{"@id":"https:\/\/www.grupboix.com\/es\/grup-boix-irrumpe-en-el-sector-de-la-construccion-en-madera-con-su-primera-participacion-en-rebuild-2026\/#primaryimage"},"thumbnailUrl":"https:\/\/www.grupboix.com\/wp-content\/uploads\/2026\/03\/grup-boix-irromp-al-sector-de-la-construccio-en-fusta-amb-la-seva-primera-participacio-a-rebuild-2026-1.jpg","datePublished":"2026-03-18T19:30:31+00:00","author":{"@id":"https:\/\/www.grupboix.com\/#\/schema\/person\/1509837a0486c91610d98260be309187"},"description":"Grup Boix participar\u00e1 por primera vez como expositor en REBUILD 2026, el principal evento de innovaci\u00f3n para el sector de la edificaci\u00f3n en Espa\u00f1a","inLanguage":"es","potentialAction":[{"@type":"ReadAction","target":["https:\/\/www.grupboix.com\/es\/grup-boix-irrumpe-en-el-sector-de-la-construccion-en-madera-con-su-primera-participacion-en-rebuild-2026\/"]}]},{"@type":"ImageObject","inLanguage":"es","@id":"https:\/\/www.grupboix.com\/es\/grup-boix-irrumpe-en-el-sector-de-la-construccion-en-madera-con-su-primera-participacion-en-rebuild-2026\/#primaryimage","url":"https:\/\/www.grupboix.com\/wp-content\/uploads\/2026\/03\/grup-boix-irromp-al-sector-de-la-construccio-en-fusta-amb-la-seva-primera-participacio-a-rebuild-2026-1.jpg","contentUrl":"https:\/\/www.grupboix.com\/wp-content\/uploads\/2026\/03\/grup-boix-irromp-al-sector-de-la-construccio-en-fusta-amb-la-seva-primera-participacio-a-rebuild-2026-1.jpg","width":1921,"height":1080,"caption":"Grup Boix irrumpe en el sector de la construcci\u00f3n en madera con su primera participaci\u00f3n en REBUILD 2026"},{"@type":"WebSite","@id":"https:\/\/www.grupboix.com\/#website","url":"https:\/\/www.grupboix.com\/","name":"Grup Boix","description":"Fusta avui, bosc per sempre! Assegurar la protecci\u00f3, la regeneraci\u00f3 i la superviv\u00e8ncia dels boscos per millorar la seva capacitat d\u2019adaptaci\u00f3 i mantenir la biodiversitat","potentialAction":[{"@type":"SearchAction","target":{"@type":"EntryPoint","urlTemplate":"https:\/\/www.grupboix.com\/?s={search_term_string}"},"query-input":{"@type":"PropertyValueSpecification","valueRequired":true,"valueName":"search_term_string"}}],"inLanguage":"es"},{"@type":"Person","@id":"https:\/\/www.grupboix.com\/#\/schema\/person\/1509837a0486c91610d98260be309187","name":"Llu\u00eds Feliu","url":"https:\/\/www.grupboix.com\/es\/author\/llfeliu\/"}]}},"_links":{"self":[{"href":"https:\/\/www.grupboix.com\/es\/wp-json\/wp\/v2\/posts\/2952","targetHints":{"allow":["GET"]}}],"collection":[{"href":"https:\/\/www.grupboix.com\/es\/wp-json\/wp\/v2\/posts"}],"about":[{"href":"https:\/\/www.grupboix.com\/es\/wp-json\/wp\/v2\/types\/post"}],"author":[{"embeddable":true,"href":"https:\/\/www.grupboix.com\/es\/wp-json\/wp\/v2\/users\/10"}],"replies":[{"embeddable":true,"href":"https:\/\/www.grupboix.com\/es\/wp-json\/wp\/v2\/comments?post=2952"}],"version-history":[{"count":1,"href":"https:\/\/www.grupboix.com\/es\/wp-json\/wp\/v2\/posts\/2952\/revisions"}],"predecessor-version":[{"id":2956,"href":"https:\/\/www.grupboix.com\/es\/wp-json\/wp\/v2\/posts\/2952\/revisions\/2956"}],"wp:featuredmedia":[{"embeddable":true,"href":"https:\/\/www.grupboix.com\/es\/wp-json\/wp\/v2\/media\/2953"}],"wp:attachment":[{"href":"https:\/\/www.grupboix.com\/es\/wp-json\/wp\/v2\/media?parent=2952"}],"wp:term":[{"taxonomy":"category","embeddable":true,"href":"https:\/\/www.grupboix.com\/es\/wp-json\/wp\/v2\/categories?post=2952"},{"taxonomy":"post_tag","embeddable":true,"href":"https:\/\/www.grupboix.com\/es\/wp-json\/wp\/v2\/tags?post=2952"}],"curies":[{"name":"wp","href":"https:\/\/api.w.org\/{rel}","templated":true}]}}