{"id":2563,"date":"2024-08-02T08:19:08","date_gmt":"2024-08-02T06:19:08","guid":{"rendered":"https:\/\/www.grupboix.com\/?p=2563"},"modified":"2026-04-29T11:29:40","modified_gmt":"2026-04-29T09:29:40","slug":"iniciamos-las-obras-de-la-nueva-planta-de-produccion-de-clt","status":"publish","type":"post","link":"https:\/\/www.grupboix.com\/es\/iniciamos-las-obras-de-la-nueva-planta-de-produccion-de-clt\/","title":{"rendered":"Iniciamos las obras de la nueva planta de producci\u00f3n de CLT"},"content":{"rendered":"<p>Grup Boix da el pistoletazo de salida a las obras de construcci\u00f3n de la <a href=\"https:\/\/www.grupboix.com\/es\/grup-boix-consolida-su-liderazgo-con-una-inversion-industrial-de-40-millones-de-euros\/\">nueva f\u00e1brica de paneles de madera contralaminada (CLT)<\/a> en Puig-reig. Este proyecto, pionero en t\u00e9rminos de tecnolog\u00eda y digitalizaci\u00f3n industrial, representa un paso adelante significativo para la empresa y para la industria de la construcci\u00f3n sostenible en la comarca del Bergued\u00e0.<\/p>\n<p>Joan Boix, consejero delegado de Grupo Boix, destaca la importancia de este proyecto para la creaci\u00f3n de puestos de trabajo y para la promoci\u00f3n de la sostenibilidad en el sector de la construcci\u00f3n.<\/p>\n<p>La nueva f\u00e1brica, que se prev\u00e9 que est\u00e9 operativa a finales del a\u00f1o pr\u00f3ximo, producir\u00e1 paneles de CLT, un material que est\u00e1 revolucionando el sector de la construcci\u00f3n gracias a sus propiedades estructurales, su eficiencia energ\u00e9tica y su sostenibilidad. El CLT permite una construcci\u00f3n m\u00e1s r\u00e1pida y con menos mano de obra.<\/p>\n<p>Josep Ferrer, Ingeniero Industrial y Jefe del Proyecto CLT, expone la inversi\u00f3n tecnol\u00f3gica como una apuesta de calidad y de valor a\u00f1adido al producto final. \u00abLa planta de producci\u00f3n contar\u00e1 con tecnolog\u00eda de vanguardia para asegurar que el producto final garantice la m\u00e1xima calidad seg\u00fan los est\u00e1ndares europeos\u00bb, a\u00f1ade Ferrer.<\/p>\n<p>Este proyecto no solo refuerza el compromiso de Grupo Boix con la innovaci\u00f3n y la sostenibilidad, sino que tambi\u00e9n pone a Puig-reig en el mapa como centro de referencia en la producci\u00f3n de materiales de construcci\u00f3n avanzados.<\/p>\n","protected":false},"excerpt":{"rendered":"<p>Grup Boix da el pistoletazo de salida a las obras de construcci\u00f3n de la nueva f\u00e1brica de paneles de madera contralaminada (CLT) en Puig-reig. Este proyecto, pionero en t\u00e9rminos de tecnolog\u00eda y digitalizaci\u00f3n industrial, representa un paso adelante significativo para la empresa y para la industria de la construcci\u00f3n sostenible en la comarca del Bergued\u00e0. [&hellip;]<\/p>\n","protected":false},"author":8,"featured_media":2561,"comment_status":"closed","ping_status":"closed","sticky":false,"template":"","format":"standard","meta":{"footnotes":""},"categories":[74],"tags":[104],"class_list":["post-2563","post","type-post","status-publish","format-standard","has-post-thumbnail","hentry","category-grup-boix","tag-planta-clt"],"yoast_head":"<!-- This site is optimized with the Yoast SEO plugin v27.5 - https:\/\/yoast.com\/product\/yoast-seo-wordpress\/ -->\n<title>Iniciamos las obras de la nueva planta de producci\u00f3n de CLT - Grup Boix<\/title>\n<meta name=\"description\" content=\"Grupo Boix da el pistoletazo de salida a las obras de construcci\u00f3n de la nueva f\u00e1brica de paneles de madera contralaminada (CLT) en Puig-reig.\" \/>\n<meta name=\"robots\" content=\"index, follow, max-snippet:-1, max-image-preview:large, max-video-preview:-1\" \/>\n<link rel=\"canonical\" href=\"https:\/\/www.grupboix.com\/es\/iniciamos-las-obras-de-la-nueva-planta-de-produccion-de-clt\/\" \/>\n<meta property=\"og:locale\" content=\"es_ES\" \/>\n<meta property=\"og:type\" content=\"article\" \/>\n<meta property=\"og:title\" content=\"Iniciamos las obras de la nueva planta de producci\u00f3n de CLT - Grup Boix\" \/>\n<meta property=\"og:description\" content=\"Grupo Boix da el pistoletazo de salida a las obras de construcci\u00f3n de la nueva f\u00e1brica de paneles de madera contralaminada (CLT) en Puig-reig.\" \/>\n<meta property=\"og:url\" content=\"https:\/\/www.grupboix.com\/es\/iniciamos-las-obras-de-la-nueva-planta-de-produccion-de-clt\/\" \/>\n<meta property=\"og:site_name\" content=\"Grup Boix\" \/>\n<meta property=\"article:publisher\" content=\"https:\/\/www.facebook.com\/serradoraboix\" \/>\n<meta property=\"article:published_time\" content=\"2024-08-02T06:19:08+00:00\" \/>\n<meta property=\"article:modified_time\" content=\"2026-04-29T09:29:40+00:00\" \/>\n<meta property=\"og:image\" content=\"https:\/\/www.grupboix.com\/wp-content\/uploads\/2024\/08\/dji_20240730082733_0024_d.jpg\" \/>\n\t<meta property=\"og:image:width\" content=\"1200\" \/>\n\t<meta property=\"og:image:height\" content=\"675\" \/>\n\t<meta property=\"og:image:type\" content=\"image\/jpeg\" \/>\n<meta name=\"author\" content=\"SalviM\" \/>\n<meta name=\"twitter:card\" content=\"summary_large_image\" \/>\n<meta name=\"twitter:creator\" content=\"@serradoraboix\" \/>\n<meta name=\"twitter:site\" content=\"@serradoraboix\" \/>\n<meta name=\"twitter:label1\" content=\"Escrito por\" \/>\n\t<meta name=\"twitter:data1\" content=\"SalviM\" \/>\n\t<meta name=\"twitter:label2\" content=\"Tiempo de lectura\" \/>\n\t<meta name=\"twitter:data2\" content=\"1 minuto\" \/>\n<script type=\"application\/ld+json\" class=\"yoast-schema-graph\">{\"@context\":\"https:\\\/\\\/schema.org\",\"@graph\":[{\"@type\":\"Article\",\"@id\":\"https:\\\/\\\/www.grupboix.com\\\/es\\\/iniciamos-las-obras-de-la-nueva-planta-de-produccion-de-clt\\\/#article\",\"isPartOf\":{\"@id\":\"https:\\\/\\\/www.grupboix.com\\\/es\\\/iniciamos-las-obras-de-la-nueva-planta-de-produccion-de-clt\\\/\"},\"author\":{\"name\":\"SalviM\",\"@id\":\"https:\\\/\\\/www.grupboix.com\\\/#\\\/schema\\\/person\\\/282ab5532bc4ce63387493640bb551f6\"},\"headline\":\"Iniciamos las obras de la nueva planta de producci\u00f3n de CLT\",\"datePublished\":\"2024-08-02T06:19:08+00:00\",\"dateModified\":\"2026-04-29T09:29:40+00:00\",\"mainEntityOfPage\":{\"@id\":\"https:\\\/\\\/www.grupboix.com\\\/es\\\/iniciamos-las-obras-de-la-nueva-planta-de-produccion-de-clt\\\/\"},\"wordCount\":269,\"image\":{\"@id\":\"https:\\\/\\\/www.grupboix.com\\\/es\\\/iniciamos-las-obras-de-la-nueva-planta-de-produccion-de-clt\\\/#primaryimage\"},\"thumbnailUrl\":\"https:\\\/\\\/www.grupboix.com\\\/wp-content\\\/uploads\\\/2024\\\/08\\\/dji_20240730082733_0024_d.jpg\",\"keywords\":[\"Planta CLT\"],\"articleSection\":[\"Grup Boix\"],\"inLanguage\":\"es\"},{\"@type\":\"WebPage\",\"@id\":\"https:\\\/\\\/www.grupboix.com\\\/es\\\/iniciamos-las-obras-de-la-nueva-planta-de-produccion-de-clt\\\/\",\"url\":\"https:\\\/\\\/www.grupboix.com\\\/es\\\/iniciamos-las-obras-de-la-nueva-planta-de-produccion-de-clt\\\/\",\"name\":\"Iniciamos las obras de la nueva planta de producci\u00f3n de CLT - Grup Boix\",\"isPartOf\":{\"@id\":\"https:\\\/\\\/www.grupboix.com\\\/#website\"},\"primaryImageOfPage\":{\"@id\":\"https:\\\/\\\/www.grupboix.com\\\/es\\\/iniciamos-las-obras-de-la-nueva-planta-de-produccion-de-clt\\\/#primaryimage\"},\"image\":{\"@id\":\"https:\\\/\\\/www.grupboix.com\\\/es\\\/iniciamos-las-obras-de-la-nueva-planta-de-produccion-de-clt\\\/#primaryimage\"},\"thumbnailUrl\":\"https:\\\/\\\/www.grupboix.com\\\/wp-content\\\/uploads\\\/2024\\\/08\\\/dji_20240730082733_0024_d.jpg\",\"datePublished\":\"2024-08-02T06:19:08+00:00\",\"dateModified\":\"2026-04-29T09:29:40+00:00\",\"author\":{\"@id\":\"https:\\\/\\\/www.grupboix.com\\\/#\\\/schema\\\/person\\\/282ab5532bc4ce63387493640bb551f6\"},\"description\":\"Grupo Boix da el pistoletazo de salida a las obras de construcci\u00f3n de la nueva f\u00e1brica de paneles de madera contralaminada (CLT) en Puig-reig.\",\"inLanguage\":\"es\",\"potentialAction\":[{\"@type\":\"ReadAction\",\"target\":[\"https:\\\/\\\/www.grupboix.com\\\/es\\\/iniciamos-las-obras-de-la-nueva-planta-de-produccion-de-clt\\\/\"]}]},{\"@type\":\"ImageObject\",\"inLanguage\":\"es\",\"@id\":\"https:\\\/\\\/www.grupboix.com\\\/es\\\/iniciamos-las-obras-de-la-nueva-planta-de-produccion-de-clt\\\/#primaryimage\",\"url\":\"https:\\\/\\\/www.grupboix.com\\\/wp-content\\\/uploads\\\/2024\\\/08\\\/dji_20240730082733_0024_d.jpg\",\"contentUrl\":\"https:\\\/\\\/www.grupboix.com\\\/wp-content\\\/uploads\\\/2024\\\/08\\\/dji_20240730082733_0024_d.jpg\",\"width\":1200,\"height\":675,\"caption\":\"default\"},{\"@type\":\"WebSite\",\"@id\":\"https:\\\/\\\/www.grupboix.com\\\/#website\",\"url\":\"https:\\\/\\\/www.grupboix.com\\\/\",\"name\":\"Grup Boix\",\"description\":\"Fusta avui, bosc per sempre! Assegurar la protecci\u00f3, la regeneraci\u00f3 i la superviv\u00e8ncia dels boscos per millorar la seva capacitat d\u2019adaptaci\u00f3 i mantenir la biodiversitat\",\"potentialAction\":[{\"@type\":\"SearchAction\",\"target\":{\"@type\":\"EntryPoint\",\"urlTemplate\":\"https:\\\/\\\/www.grupboix.com\\\/?s={search_term_string}\"},\"query-input\":{\"@type\":\"PropertyValueSpecification\",\"valueRequired\":true,\"valueName\":\"search_term_string\"}}],\"inLanguage\":\"es\"},{\"@type\":\"Person\",\"@id\":\"https:\\\/\\\/www.grupboix.com\\\/#\\\/schema\\\/person\\\/282ab5532bc4ce63387493640bb551f6\",\"name\":\"SalviM\",\"url\":\"https:\\\/\\\/www.grupboix.com\\\/es\\\/author\\\/gb_salvi\\\/\"}]}<\/script>\n<!-- \/ Yoast SEO plugin. -->","yoast_head_json":{"title":"Iniciamos las obras de la nueva planta de producci\u00f3n de CLT - Grup Boix","description":"Grupo Boix da el pistoletazo de salida a las obras de construcci\u00f3n de la nueva f\u00e1brica de paneles de madera contralaminada (CLT) en Puig-reig.","robots":{"index":"index","follow":"follow","max-snippet":"max-snippet:-1","max-image-preview":"max-image-preview:large","max-video-preview":"max-video-preview:-1"},"canonical":"https:\/\/www.grupboix.com\/es\/iniciamos-las-obras-de-la-nueva-planta-de-produccion-de-clt\/","og_locale":"es_ES","og_type":"article","og_title":"Iniciamos las obras de la nueva planta de producci\u00f3n de CLT - Grup Boix","og_description":"Grupo Boix da el pistoletazo de salida a las obras de construcci\u00f3n de la nueva f\u00e1brica de paneles de madera contralaminada (CLT) en Puig-reig.","og_url":"https:\/\/www.grupboix.com\/es\/iniciamos-las-obras-de-la-nueva-planta-de-produccion-de-clt\/","og_site_name":"Grup Boix","article_publisher":"https:\/\/www.facebook.com\/serradoraboix","article_published_time":"2024-08-02T06:19:08+00:00","article_modified_time":"2026-04-29T09:29:40+00:00","og_image":[{"width":1200,"height":675,"url":"https:\/\/www.grupboix.com\/wp-content\/uploads\/2024\/08\/dji_20240730082733_0024_d.jpg","type":"image\/jpeg"}],"author":"SalviM","twitter_card":"summary_large_image","twitter_creator":"@serradoraboix","twitter_site":"@serradoraboix","twitter_misc":{"Escrito por":"SalviM","Tiempo de lectura":"1 minuto"},"schema":{"@context":"https:\/\/schema.org","@graph":[{"@type":"Article","@id":"https:\/\/www.grupboix.com\/es\/iniciamos-las-obras-de-la-nueva-planta-de-produccion-de-clt\/#article","isPartOf":{"@id":"https:\/\/www.grupboix.com\/es\/iniciamos-las-obras-de-la-nueva-planta-de-produccion-de-clt\/"},"author":{"name":"SalviM","@id":"https:\/\/www.grupboix.com\/#\/schema\/person\/282ab5532bc4ce63387493640bb551f6"},"headline":"Iniciamos las obras de la nueva planta de producci\u00f3n de CLT","datePublished":"2024-08-02T06:19:08+00:00","dateModified":"2026-04-29T09:29:40+00:00","mainEntityOfPage":{"@id":"https:\/\/www.grupboix.com\/es\/iniciamos-las-obras-de-la-nueva-planta-de-produccion-de-clt\/"},"wordCount":269,"image":{"@id":"https:\/\/www.grupboix.com\/es\/iniciamos-las-obras-de-la-nueva-planta-de-produccion-de-clt\/#primaryimage"},"thumbnailUrl":"https:\/\/www.grupboix.com\/wp-content\/uploads\/2024\/08\/dji_20240730082733_0024_d.jpg","keywords":["Planta CLT"],"articleSection":["Grup Boix"],"inLanguage":"es"},{"@type":"WebPage","@id":"https:\/\/www.grupboix.com\/es\/iniciamos-las-obras-de-la-nueva-planta-de-produccion-de-clt\/","url":"https:\/\/www.grupboix.com\/es\/iniciamos-las-obras-de-la-nueva-planta-de-produccion-de-clt\/","name":"Iniciamos las obras de la nueva planta de producci\u00f3n de CLT - Grup Boix","isPartOf":{"@id":"https:\/\/www.grupboix.com\/#website"},"primaryImageOfPage":{"@id":"https:\/\/www.grupboix.com\/es\/iniciamos-las-obras-de-la-nueva-planta-de-produccion-de-clt\/#primaryimage"},"image":{"@id":"https:\/\/www.grupboix.com\/es\/iniciamos-las-obras-de-la-nueva-planta-de-produccion-de-clt\/#primaryimage"},"thumbnailUrl":"https:\/\/www.grupboix.com\/wp-content\/uploads\/2024\/08\/dji_20240730082733_0024_d.jpg","datePublished":"2024-08-02T06:19:08+00:00","dateModified":"2026-04-29T09:29:40+00:00","author":{"@id":"https:\/\/www.grupboix.com\/#\/schema\/person\/282ab5532bc4ce63387493640bb551f6"},"description":"Grupo Boix da el pistoletazo de salida a las obras de construcci\u00f3n de la nueva f\u00e1brica de paneles de madera contralaminada (CLT) en Puig-reig.","inLanguage":"es","potentialAction":[{"@type":"ReadAction","target":["https:\/\/www.grupboix.com\/es\/iniciamos-las-obras-de-la-nueva-planta-de-produccion-de-clt\/"]}]},{"@type":"ImageObject","inLanguage":"es","@id":"https:\/\/www.grupboix.com\/es\/iniciamos-las-obras-de-la-nueva-planta-de-produccion-de-clt\/#primaryimage","url":"https:\/\/www.grupboix.com\/wp-content\/uploads\/2024\/08\/dji_20240730082733_0024_d.jpg","contentUrl":"https:\/\/www.grupboix.com\/wp-content\/uploads\/2024\/08\/dji_20240730082733_0024_d.jpg","width":1200,"height":675,"caption":"default"},{"@type":"WebSite","@id":"https:\/\/www.grupboix.com\/#website","url":"https:\/\/www.grupboix.com\/","name":"Grup Boix","description":"Fusta avui, bosc per sempre! Assegurar la protecci\u00f3, la regeneraci\u00f3 i la superviv\u00e8ncia dels boscos per millorar la seva capacitat d\u2019adaptaci\u00f3 i mantenir la biodiversitat","potentialAction":[{"@type":"SearchAction","target":{"@type":"EntryPoint","urlTemplate":"https:\/\/www.grupboix.com\/?s={search_term_string}"},"query-input":{"@type":"PropertyValueSpecification","valueRequired":true,"valueName":"search_term_string"}}],"inLanguage":"es"},{"@type":"Person","@id":"https:\/\/www.grupboix.com\/#\/schema\/person\/282ab5532bc4ce63387493640bb551f6","name":"SalviM","url":"https:\/\/www.grupboix.com\/es\/author\/gb_salvi\/"}]}},"_links":{"self":[{"href":"https:\/\/www.grupboix.com\/es\/wp-json\/wp\/v2\/posts\/2563","targetHints":{"allow":["GET"]}}],"collection":[{"href":"https:\/\/www.grupboix.com\/es\/wp-json\/wp\/v2\/posts"}],"about":[{"href":"https:\/\/www.grupboix.com\/es\/wp-json\/wp\/v2\/types\/post"}],"author":[{"embeddable":true,"href":"https:\/\/www.grupboix.com\/es\/wp-json\/wp\/v2\/users\/8"}],"replies":[{"embeddable":true,"href":"https:\/\/www.grupboix.com\/es\/wp-json\/wp\/v2\/comments?post=2563"}],"version-history":[{"count":4,"href":"https:\/\/www.grupboix.com\/es\/wp-json\/wp\/v2\/posts\/2563\/revisions"}],"predecessor-version":[{"id":2992,"href":"https:\/\/www.grupboix.com\/es\/wp-json\/wp\/v2\/posts\/2563\/revisions\/2992"}],"wp:featuredmedia":[{"embeddable":true,"href":"https:\/\/www.grupboix.com\/es\/wp-json\/wp\/v2\/media\/2561"}],"wp:attachment":[{"href":"https:\/\/www.grupboix.com\/es\/wp-json\/wp\/v2\/media?parent=2563"}],"wp:term":[{"taxonomy":"category","embeddable":true,"href":"https:\/\/www.grupboix.com\/es\/wp-json\/wp\/v2\/categories?post=2563"},{"taxonomy":"post_tag","embeddable":true,"href":"https:\/\/www.grupboix.com\/es\/wp-json\/wp\/v2\/tags?post=2563"}],"curies":[{"name":"wp","href":"https:\/\/api.w.org\/{rel}","templated":true}]}}