{"id":2081,"date":"2022-11-25T16:34:40","date_gmt":"2022-11-25T15:34:40","guid":{"rendered":"https:\/\/www.grupboix.com\/?p=2081"},"modified":"2026-04-29T14:07:48","modified_gmt":"2026-04-29T12:07:48","slug":"mesa-redonda-en-el-colegio-diocesano-de-navas-para-reforzar-la-relacion-entre-la-formacion-profesional-y-las-empresas","status":"publish","type":"post","link":"https:\/\/www.grupboix.com\/es\/mesa-redonda-en-el-colegio-diocesano-de-navas-para-reforzar-la-relacion-entre-la-formacion-profesional-y-las-empresas\/","title":{"rendered":"Mesa redonda en el Colegio Diocesano de Nav\u00e0s para reforzar la relaci\u00f3n entre la formaci\u00f3n profesional y las empresas"},"content":{"rendered":"<p>El martes 22 de noviembre se celebr\u00f3 una jornada informativa en el Colegio <a href=\"https:\/\/www.navas.cat\/directori\/escola-diocesana-de-navas\/\">Diocesano de Nav\u00e0s <\/a>para mostrar la importancia del puente entre las empresas y los alumnos de formaci\u00f3n profesional. La sesi\u00f3n del martes, promovida por la Taula de la Formaci\u00f3 del Bages, reuni\u00f3 a cuatro representantes de empresas del Bergued\u00e0 y del Bages para dar a conocer la importancia de la formaci\u00f3n profesional y la necesidad real de personal cualificado en las empresas.<\/p>\n<p>Del Grup Boix, el jefe de operaciones Ramon Marginet, fue uno de los cuatro protagonistas invitados a la sesi\u00f3n. Marginet explic\u00f3 la necesidad de la formaci\u00f3n profesional y el avance profesional que representa. \u00abLa formaci\u00f3n profesional ayuda a abrir puertas dentro del equipo de trabajo de una empresa, ya que el aprendizaje que se adquiere es muy enriquecedor\u00bb, dijo Marginet entre las intervenciones de Robert Molas, de Aplitelc Bergued\u00e0, Rafael S\u00e1nchez, de Meinsa, y Marc Canudas, de la empresa Bermaq.<\/p>\n<p>Los objetivos establecidos por la Taula de la Formaci\u00f3 del Bages son ajustar la oferta formativa a las demandas del tejido productivo y del mercado laboral, as\u00ed como incidir en los organismos competentes para conseguir los beneficios necesarios para la competitividad de la comarca.<\/p>\n<p><img loading=\"lazy\" decoding=\"async\" class=\"aligncenter wp-image-2074 size-large\" src=\"https:\/\/www.grupboix.com\/wp-content\/uploads\/2022\/11\/taula-rodona-a-ledn-1024x669.jpg\" alt=\"\" width=\"640\" height=\"418\" srcset=\"https:\/\/www.grupboix.com\/wp-content\/uploads\/2022\/11\/taula-rodona-a-ledn-1024x669.jpg 1024w, https:\/\/www.grupboix.com\/wp-content\/uploads\/2022\/11\/taula-rodona-a-ledn-300x196.jpg 300w, https:\/\/www.grupboix.com\/wp-content\/uploads\/2022\/11\/taula-rodona-a-ledn-768x502.jpg 768w, https:\/\/www.grupboix.com\/wp-content\/uploads\/2022\/11\/taula-rodona-a-ledn-1536x1004.jpg 1536w, https:\/\/www.grupboix.com\/wp-content\/uploads\/2022\/11\/taula-rodona-a-ledn.jpg 1920w\" sizes=\"auto, (max-width: 640px) 100vw, 640px\" \/><\/p>\n","protected":false},"excerpt":{"rendered":"<p>El martes 22 de noviembre se celebr\u00f3 una jornada informativa en el Colegio Diocesano de Nav\u00e0s para mostrar la importancia del puente entre las empresas y los alumnos de formaci\u00f3n profesional. La sesi\u00f3n del martes, promovida por la Taula de la Formaci\u00f3 del Bages, reuni\u00f3 a cuatro representantes de empresas del Bergued\u00e0 y del Bages [&hellip;]<\/p>\n","protected":false},"author":8,"featured_media":2077,"comment_status":"closed","ping_status":"closed","sticky":false,"template":"","format":"standard","meta":{"footnotes":""},"categories":[74],"tags":[],"class_list":["post-2081","post","type-post","status-publish","format-standard","has-post-thumbnail","hentry","category-grup-boix"],"yoast_head":"<!-- This site is optimized with the Yoast SEO plugin v27.5 - https:\/\/yoast.com\/product\/yoast-seo-wordpress\/ -->\n<title>Mesa redonda en el Colegio Diocesano de Nav\u00e0s<\/title>\n<meta name=\"description\" content=\"Jornada informativa en el Colegio Diocesano de Nav\u00e0s para mostrar la importancia del puente entre las empresas y los alumnos de FP\" \/>\n<meta name=\"robots\" content=\"index, follow, max-snippet:-1, max-image-preview:large, max-video-preview:-1\" \/>\n<link rel=\"canonical\" href=\"https:\/\/www.grupboix.com\/es\/mesa-redonda-en-el-colegio-diocesano-de-navas-para-reforzar-la-relacion-entre-la-formacion-profesional-y-las-empresas\/\" \/>\n<meta property=\"og:locale\" content=\"es_ES\" \/>\n<meta property=\"og:type\" content=\"article\" \/>\n<meta property=\"og:title\" content=\"Mesa redonda en el Colegio Diocesano de Nav\u00e0s\" \/>\n<meta property=\"og:description\" content=\"Jornada informativa en el Colegio Diocesano de Nav\u00e0s para mostrar la importancia del puente entre las empresas y los alumnos de FP\" \/>\n<meta property=\"og:url\" content=\"https:\/\/www.grupboix.com\/es\/mesa-redonda-en-el-colegio-diocesano-de-navas-para-reforzar-la-relacion-entre-la-formacion-profesional-y-las-empresas\/\" \/>\n<meta property=\"og:site_name\" content=\"Grup Boix\" \/>\n<meta property=\"article:publisher\" content=\"https:\/\/www.facebook.com\/serradoraboix\" \/>\n<meta property=\"article:published_time\" content=\"2022-11-25T15:34:40+00:00\" \/>\n<meta property=\"article:modified_time\" content=\"2026-04-29T12:07:48+00:00\" \/>\n<meta property=\"og:image\" content=\"https:\/\/www.grupboix.com\/wp-content\/uploads\/2022\/11\/imatge-oberta-de-lacte.jpg\" \/>\n\t<meta property=\"og:image:width\" content=\"1600\" \/>\n\t<meta property=\"og:image:height\" content=\"900\" \/>\n\t<meta property=\"og:image:type\" content=\"image\/jpeg\" \/>\n<meta name=\"author\" content=\"SalviM\" \/>\n<meta name=\"twitter:card\" content=\"summary_large_image\" \/>\n<meta name=\"twitter:creator\" content=\"@serradoraboix\" \/>\n<meta name=\"twitter:site\" content=\"@serradoraboix\" \/>\n<meta name=\"twitter:label1\" content=\"Escrito por\" \/>\n\t<meta name=\"twitter:data1\" content=\"SalviM\" \/>\n\t<meta name=\"twitter:label2\" content=\"Tiempo de lectura\" \/>\n\t<meta name=\"twitter:data2\" content=\"1 minuto\" \/>\n<script type=\"application\/ld+json\" class=\"yoast-schema-graph\">{\"@context\":\"https:\\\/\\\/schema.org\",\"@graph\":[{\"@type\":\"Article\",\"@id\":\"https:\\\/\\\/www.grupboix.com\\\/es\\\/mesa-redonda-en-el-colegio-diocesano-de-navas-para-reforzar-la-relacion-entre-la-formacion-profesional-y-las-empresas\\\/#article\",\"isPartOf\":{\"@id\":\"https:\\\/\\\/www.grupboix.com\\\/es\\\/mesa-redonda-en-el-colegio-diocesano-de-navas-para-reforzar-la-relacion-entre-la-formacion-profesional-y-las-empresas\\\/\"},\"author\":{\"name\":\"SalviM\",\"@id\":\"https:\\\/\\\/www.grupboix.com\\\/#\\\/schema\\\/person\\\/282ab5532bc4ce63387493640bb551f6\"},\"headline\":\"Mesa redonda en el Colegio Diocesano de Nav\u00e0s para reforzar la relaci\u00f3n entre la formaci\u00f3n profesional y las empresas\",\"datePublished\":\"2022-11-25T15:34:40+00:00\",\"dateModified\":\"2026-04-29T12:07:48+00:00\",\"mainEntityOfPage\":{\"@id\":\"https:\\\/\\\/www.grupboix.com\\\/es\\\/mesa-redonda-en-el-colegio-diocesano-de-navas-para-reforzar-la-relacion-entre-la-formacion-profesional-y-las-empresas\\\/\"},\"wordCount\":228,\"image\":{\"@id\":\"https:\\\/\\\/www.grupboix.com\\\/es\\\/mesa-redonda-en-el-colegio-diocesano-de-navas-para-reforzar-la-relacion-entre-la-formacion-profesional-y-las-empresas\\\/#primaryimage\"},\"thumbnailUrl\":\"https:\\\/\\\/www.grupboix.com\\\/wp-content\\\/uploads\\\/2022\\\/11\\\/imatge-oberta-de-lacte.jpg\",\"articleSection\":[\"Grup Boix\"],\"inLanguage\":\"es\"},{\"@type\":\"WebPage\",\"@id\":\"https:\\\/\\\/www.grupboix.com\\\/es\\\/mesa-redonda-en-el-colegio-diocesano-de-navas-para-reforzar-la-relacion-entre-la-formacion-profesional-y-las-empresas\\\/\",\"url\":\"https:\\\/\\\/www.grupboix.com\\\/es\\\/mesa-redonda-en-el-colegio-diocesano-de-navas-para-reforzar-la-relacion-entre-la-formacion-profesional-y-las-empresas\\\/\",\"name\":\"Mesa redonda en el Colegio Diocesano de Nav\u00e0s\",\"isPartOf\":{\"@id\":\"https:\\\/\\\/www.grupboix.com\\\/#website\"},\"primaryImageOfPage\":{\"@id\":\"https:\\\/\\\/www.grupboix.com\\\/es\\\/mesa-redonda-en-el-colegio-diocesano-de-navas-para-reforzar-la-relacion-entre-la-formacion-profesional-y-las-empresas\\\/#primaryimage\"},\"image\":{\"@id\":\"https:\\\/\\\/www.grupboix.com\\\/es\\\/mesa-redonda-en-el-colegio-diocesano-de-navas-para-reforzar-la-relacion-entre-la-formacion-profesional-y-las-empresas\\\/#primaryimage\"},\"thumbnailUrl\":\"https:\\\/\\\/www.grupboix.com\\\/wp-content\\\/uploads\\\/2022\\\/11\\\/imatge-oberta-de-lacte.jpg\",\"datePublished\":\"2022-11-25T15:34:40+00:00\",\"dateModified\":\"2026-04-29T12:07:48+00:00\",\"author\":{\"@id\":\"https:\\\/\\\/www.grupboix.com\\\/#\\\/schema\\\/person\\\/282ab5532bc4ce63387493640bb551f6\"},\"description\":\"Jornada informativa en el Colegio Diocesano de Nav\u00e0s para mostrar la importancia del puente entre las empresas y los alumnos de FP\",\"inLanguage\":\"es\",\"potentialAction\":[{\"@type\":\"ReadAction\",\"target\":[\"https:\\\/\\\/www.grupboix.com\\\/es\\\/mesa-redonda-en-el-colegio-diocesano-de-navas-para-reforzar-la-relacion-entre-la-formacion-profesional-y-las-empresas\\\/\"]}]},{\"@type\":\"ImageObject\",\"inLanguage\":\"es\",\"@id\":\"https:\\\/\\\/www.grupboix.com\\\/es\\\/mesa-redonda-en-el-colegio-diocesano-de-navas-para-reforzar-la-relacion-entre-la-formacion-profesional-y-las-empresas\\\/#primaryimage\",\"url\":\"https:\\\/\\\/www.grupboix.com\\\/wp-content\\\/uploads\\\/2022\\\/11\\\/imatge-oberta-de-lacte.jpg\",\"contentUrl\":\"https:\\\/\\\/www.grupboix.com\\\/wp-content\\\/uploads\\\/2022\\\/11\\\/imatge-oberta-de-lacte.jpg\",\"width\":1600,\"height\":900},{\"@type\":\"WebSite\",\"@id\":\"https:\\\/\\\/www.grupboix.com\\\/#website\",\"url\":\"https:\\\/\\\/www.grupboix.com\\\/\",\"name\":\"Grup Boix\",\"description\":\"Fusta avui, bosc per sempre! Assegurar la protecci\u00f3, la regeneraci\u00f3 i la superviv\u00e8ncia dels boscos per millorar la seva capacitat d\u2019adaptaci\u00f3 i mantenir la biodiversitat\",\"potentialAction\":[{\"@type\":\"SearchAction\",\"target\":{\"@type\":\"EntryPoint\",\"urlTemplate\":\"https:\\\/\\\/www.grupboix.com\\\/?s={search_term_string}\"},\"query-input\":{\"@type\":\"PropertyValueSpecification\",\"valueRequired\":true,\"valueName\":\"search_term_string\"}}],\"inLanguage\":\"es\"},{\"@type\":\"Person\",\"@id\":\"https:\\\/\\\/www.grupboix.com\\\/#\\\/schema\\\/person\\\/282ab5532bc4ce63387493640bb551f6\",\"name\":\"SalviM\",\"url\":\"https:\\\/\\\/www.grupboix.com\\\/es\\\/author\\\/gb_salvi\\\/\"}]}<\/script>\n<!-- \/ Yoast SEO plugin. -->","yoast_head_json":{"title":"Mesa redonda en el Colegio Diocesano de Nav\u00e0s","description":"Jornada informativa en el Colegio Diocesano de Nav\u00e0s para mostrar la importancia del puente entre las empresas y los alumnos de FP","robots":{"index":"index","follow":"follow","max-snippet":"max-snippet:-1","max-image-preview":"max-image-preview:large","max-video-preview":"max-video-preview:-1"},"canonical":"https:\/\/www.grupboix.com\/es\/mesa-redonda-en-el-colegio-diocesano-de-navas-para-reforzar-la-relacion-entre-la-formacion-profesional-y-las-empresas\/","og_locale":"es_ES","og_type":"article","og_title":"Mesa redonda en el Colegio Diocesano de Nav\u00e0s","og_description":"Jornada informativa en el Colegio Diocesano de Nav\u00e0s para mostrar la importancia del puente entre las empresas y los alumnos de FP","og_url":"https:\/\/www.grupboix.com\/es\/mesa-redonda-en-el-colegio-diocesano-de-navas-para-reforzar-la-relacion-entre-la-formacion-profesional-y-las-empresas\/","og_site_name":"Grup Boix","article_publisher":"https:\/\/www.facebook.com\/serradoraboix","article_published_time":"2022-11-25T15:34:40+00:00","article_modified_time":"2026-04-29T12:07:48+00:00","og_image":[{"width":1600,"height":900,"url":"https:\/\/www.grupboix.com\/wp-content\/uploads\/2022\/11\/imatge-oberta-de-lacte.jpg","type":"image\/jpeg"}],"author":"SalviM","twitter_card":"summary_large_image","twitter_creator":"@serradoraboix","twitter_site":"@serradoraboix","twitter_misc":{"Escrito por":"SalviM","Tiempo de lectura":"1 minuto"},"schema":{"@context":"https:\/\/schema.org","@graph":[{"@type":"Article","@id":"https:\/\/www.grupboix.com\/es\/mesa-redonda-en-el-colegio-diocesano-de-navas-para-reforzar-la-relacion-entre-la-formacion-profesional-y-las-empresas\/#article","isPartOf":{"@id":"https:\/\/www.grupboix.com\/es\/mesa-redonda-en-el-colegio-diocesano-de-navas-para-reforzar-la-relacion-entre-la-formacion-profesional-y-las-empresas\/"},"author":{"name":"SalviM","@id":"https:\/\/www.grupboix.com\/#\/schema\/person\/282ab5532bc4ce63387493640bb551f6"},"headline":"Mesa redonda en el Colegio Diocesano de Nav\u00e0s para reforzar la relaci\u00f3n entre la formaci\u00f3n profesional y las empresas","datePublished":"2022-11-25T15:34:40+00:00","dateModified":"2026-04-29T12:07:48+00:00","mainEntityOfPage":{"@id":"https:\/\/www.grupboix.com\/es\/mesa-redonda-en-el-colegio-diocesano-de-navas-para-reforzar-la-relacion-entre-la-formacion-profesional-y-las-empresas\/"},"wordCount":228,"image":{"@id":"https:\/\/www.grupboix.com\/es\/mesa-redonda-en-el-colegio-diocesano-de-navas-para-reforzar-la-relacion-entre-la-formacion-profesional-y-las-empresas\/#primaryimage"},"thumbnailUrl":"https:\/\/www.grupboix.com\/wp-content\/uploads\/2022\/11\/imatge-oberta-de-lacte.jpg","articleSection":["Grup Boix"],"inLanguage":"es"},{"@type":"WebPage","@id":"https:\/\/www.grupboix.com\/es\/mesa-redonda-en-el-colegio-diocesano-de-navas-para-reforzar-la-relacion-entre-la-formacion-profesional-y-las-empresas\/","url":"https:\/\/www.grupboix.com\/es\/mesa-redonda-en-el-colegio-diocesano-de-navas-para-reforzar-la-relacion-entre-la-formacion-profesional-y-las-empresas\/","name":"Mesa redonda en el Colegio Diocesano de Nav\u00e0s","isPartOf":{"@id":"https:\/\/www.grupboix.com\/#website"},"primaryImageOfPage":{"@id":"https:\/\/www.grupboix.com\/es\/mesa-redonda-en-el-colegio-diocesano-de-navas-para-reforzar-la-relacion-entre-la-formacion-profesional-y-las-empresas\/#primaryimage"},"image":{"@id":"https:\/\/www.grupboix.com\/es\/mesa-redonda-en-el-colegio-diocesano-de-navas-para-reforzar-la-relacion-entre-la-formacion-profesional-y-las-empresas\/#primaryimage"},"thumbnailUrl":"https:\/\/www.grupboix.com\/wp-content\/uploads\/2022\/11\/imatge-oberta-de-lacte.jpg","datePublished":"2022-11-25T15:34:40+00:00","dateModified":"2026-04-29T12:07:48+00:00","author":{"@id":"https:\/\/www.grupboix.com\/#\/schema\/person\/282ab5532bc4ce63387493640bb551f6"},"description":"Jornada informativa en el Colegio Diocesano de Nav\u00e0s para mostrar la importancia del puente entre las empresas y los alumnos de FP","inLanguage":"es","potentialAction":[{"@type":"ReadAction","target":["https:\/\/www.grupboix.com\/es\/mesa-redonda-en-el-colegio-diocesano-de-navas-para-reforzar-la-relacion-entre-la-formacion-profesional-y-las-empresas\/"]}]},{"@type":"ImageObject","inLanguage":"es","@id":"https:\/\/www.grupboix.com\/es\/mesa-redonda-en-el-colegio-diocesano-de-navas-para-reforzar-la-relacion-entre-la-formacion-profesional-y-las-empresas\/#primaryimage","url":"https:\/\/www.grupboix.com\/wp-content\/uploads\/2022\/11\/imatge-oberta-de-lacte.jpg","contentUrl":"https:\/\/www.grupboix.com\/wp-content\/uploads\/2022\/11\/imatge-oberta-de-lacte.jpg","width":1600,"height":900},{"@type":"WebSite","@id":"https:\/\/www.grupboix.com\/#website","url":"https:\/\/www.grupboix.com\/","name":"Grup Boix","description":"Fusta avui, bosc per sempre! Assegurar la protecci\u00f3, la regeneraci\u00f3 i la superviv\u00e8ncia dels boscos per millorar la seva capacitat d\u2019adaptaci\u00f3 i mantenir la biodiversitat","potentialAction":[{"@type":"SearchAction","target":{"@type":"EntryPoint","urlTemplate":"https:\/\/www.grupboix.com\/?s={search_term_string}"},"query-input":{"@type":"PropertyValueSpecification","valueRequired":true,"valueName":"search_term_string"}}],"inLanguage":"es"},{"@type":"Person","@id":"https:\/\/www.grupboix.com\/#\/schema\/person\/282ab5532bc4ce63387493640bb551f6","name":"SalviM","url":"https:\/\/www.grupboix.com\/es\/author\/gb_salvi\/"}]}},"_links":{"self":[{"href":"https:\/\/www.grupboix.com\/es\/wp-json\/wp\/v2\/posts\/2081","targetHints":{"allow":["GET"]}}],"collection":[{"href":"https:\/\/www.grupboix.com\/es\/wp-json\/wp\/v2\/posts"}],"about":[{"href":"https:\/\/www.grupboix.com\/es\/wp-json\/wp\/v2\/types\/post"}],"author":[{"embeddable":true,"href":"https:\/\/www.grupboix.com\/es\/wp-json\/wp\/v2\/users\/8"}],"replies":[{"embeddable":true,"href":"https:\/\/www.grupboix.com\/es\/wp-json\/wp\/v2\/comments?post=2081"}],"version-history":[{"count":3,"href":"https:\/\/www.grupboix.com\/es\/wp-json\/wp\/v2\/posts\/2081\/revisions"}],"predecessor-version":[{"id":3009,"href":"https:\/\/www.grupboix.com\/es\/wp-json\/wp\/v2\/posts\/2081\/revisions\/3009"}],"wp:featuredmedia":[{"embeddable":true,"href":"https:\/\/www.grupboix.com\/es\/wp-json\/wp\/v2\/media\/2077"}],"wp:attachment":[{"href":"https:\/\/www.grupboix.com\/es\/wp-json\/wp\/v2\/media?parent=2081"}],"wp:term":[{"taxonomy":"category","embeddable":true,"href":"https:\/\/www.grupboix.com\/es\/wp-json\/wp\/v2\/categories?post=2081"},{"taxonomy":"post_tag","embeddable":true,"href":"https:\/\/www.grupboix.com\/es\/wp-json\/wp\/v2\/tags?post=2081"}],"curies":[{"name":"wp","href":"https:\/\/api.w.org\/{rel}","templated":true}]}}