{"id":2957,"date":"2026-03-18T20:40:33","date_gmt":"2026-03-18T19:40:33","guid":{"rendered":"https:\/\/www.grupboix.com\/?p=2957"},"modified":"2026-03-18T20:40:33","modified_gmt":"2026-03-18T19:40:33","slug":"grup-boix-enters-the-timber-construction-sector-with-its-first-participation-at-rebuild-2026","status":"publish","type":"post","link":"https:\/\/www.grupboix.com\/en\/grup-boix-enters-the-timber-construction-sector-with-its-first-participation-at-rebuild-2026\/","title":{"rendered":"Grup Boix enters the timber construction sector with its first participation at REBUILD 2026"},"content":{"rendered":"<p data-start=\"370\" data-end=\"760\">Grup Boix will participate for the first time as an exhibitor at <a href=\"https:\/\/www.rebuildexpo.com\/en\/\">REBUILD<\/a> 2026, the leading innovation event for the building sector in Spain, to be held from March 24 to 26 at IFEMA Madrid. The company\u2019s presence at the fair marks a new step in its strategy to position itself within the industrialised construction sector through structural timber solutions.<\/p>\n<p data-start=\"762\" data-end=\"1131\">With more than fifty years of experience in forest management and wood transformation, the Bergued\u00e0-based company will use its presence at REBUILD to present its timber-based construction solutions, with a particular focus on <strong data-start=\"988\" data-end=\"1027\">CLT (Cross Laminated Timber) panels<\/strong>, a key material in the development of more sustainable, efficient, and industrialised building systems.<\/p>\n<p data-section-id=\"1k6gn2n\" data-start=\"1133\" data-end=\"1174\"><strong>An industrial leap with CLT production<\/strong><\/p>\n<p data-start=\"1176\" data-end=\"1447\">Participation in REBUILD follows the commissioning of <a href=\"https:\/\/www.grupboix.com\/en\/grup-boix-strengthens-its-leadership-with-a-e40-million-industrial-investment\/\">Grup Boix\u2019s new CLT industrial plant<\/a> in Puig-reig, a project involving an investment of <strong data-start=\"1318\" data-end=\"1333\">\u20ac40 million<\/strong> and representing one of the most significant technological advances in the structural timber sector in Catalonia.<\/p>\n<p data-start=\"1449\" data-end=\"1711\">This facility enables the transformation of locally sourced timber into <strong data-start=\"1521\" data-end=\"1559\">high-performance structural panels<\/strong> for construction, strengthening the group\u2019s vertically integrated model\u2014from forest management to the production of value-added construction solutions.<\/p>\n<p data-start=\"1713\" data-end=\"2003\">\u201cTimber construction is entering a new phase of industrialisation, and we want to be part of this shift. With our new CLT plant and our presence at REBUILD, we are taking a step forward to position ourselves as an industrial supplier to the sector,\u201d explains Carles Mart\u00ed, CEO of the group.<\/p>\n<p data-start=\"2005\" data-end=\"2488\">In addition to CLT, Grup Boix will showcase other structural timber solutions at the fair, including <strong data-start=\"2106\" data-end=\"2141\">glulam (glued laminated timber)<\/strong>, primarily used for structural beams, as well as <strong data-start=\"2191\" data-end=\"2215\">BOIX Monocapa panels<\/strong>, a solid pine finger-jointed edge-glued panel made from bonded lamellas. This product, designed for applications such as cladding, furniture, and other construction uses, reflects the company\u2019s long-standing expertise in the production of high-quality solid wood products.<\/p>\n<p data-section-id=\"1uane1z\" data-start=\"2490\" data-end=\"2565\"><strong>Participation in the Advanced Architecture and Construction 4.0 Congress<\/strong><\/p>\n<p data-start=\"2567\" data-end=\"2795\">Alongside its exhibition space, the group will also take part in the <strong data-start=\"2636\" data-end=\"2691\">Advanced Architecture and Construction 4.0 Congress<\/strong>, which brings together more than 700 national and international experts to discuss key industry trends.<\/p>\n<p data-start=\"2797\" data-end=\"3039\">In this context, David Masachs, CLT Projects Commercial Director at Grup Boix, will participate as a speaker in the roundtable <strong data-start=\"2924\" data-end=\"2968\">\u201cSounds Wood Meeting. Challenge of Wood\u201d<\/strong>, taking place on March 24 at 10:45 a.m. at the Auditorium Lignum Tech.<\/p>\n<p data-start=\"3041\" data-end=\"3246\">The session will address the role of timber in the new construction model, alongside other industry experts such as Juan Antonio G\u00f3mez-Pintado, Susana Jara, Ismael Olveira, and Mar\u00eda Teresa Verd\u00fa Mart\u00ednez.<\/p>\n<p data-section-id=\"14ujib8\" data-start=\"3248\" data-end=\"3286\"><strong>A new player in timber construction<\/strong><\/p>\n<p data-start=\"3288\" data-end=\"3727\">With its participation at REBUILD 2026, Grup Boix presents itself to the market as a new player in the production of structural timber solutions for industrialised construction. The company believes that materials such as CLT will play a key role in transforming the construction model, thanks to their ability to reduce the environmental impact of buildings, improve construction efficiency, and drive industrialisation across the sector.<\/p>\n<p data-start=\"3729\" data-end=\"4033\">The event will bring together more than <strong data-start=\"3769\" data-end=\"3880\">30,000 professionals \u2014 including contractors, architects, and engineers \u2014 and over 750 exhibiting companies<\/strong>, consolidating its position as the leading meeting point for the building sector in areas such as industrialisation, sustainability, and digitalisation.<\/p>\n<p data-start=\"4035\" data-end=\"4085\"><strong data-start=\"4035\" data-end=\"4085\">Grup Boix will exhibit in Hall 8, Stand 8A113.<\/strong><\/p>\n<p data-start=\"4035\" data-end=\"4085\"><img loading=\"lazy\" decoding=\"async\" class=\"aligncenter wp-image-2943 size-full\" src=\"https:\/\/www.grupboix.com\/wp-content\/uploads\/2026\/03\/grup-boix-rebuild-2026.png\" alt=\"REBUILD 2026\" width=\"1191\" height=\"842\" srcset=\"https:\/\/www.grupboix.com\/wp-content\/uploads\/2026\/03\/grup-boix-rebuild-2026.png 1191w, https:\/\/www.grupboix.com\/wp-content\/uploads\/2026\/03\/grup-boix-rebuild-2026-300x212.png 300w, https:\/\/www.grupboix.com\/wp-content\/uploads\/2026\/03\/grup-boix-rebuild-2026-1024x724.png 1024w, https:\/\/www.grupboix.com\/wp-content\/uploads\/2026\/03\/grup-boix-rebuild-2026-768x543.png 768w\" sizes=\"auto, (max-width: 1191px) 100vw, 1191px\" \/><\/p>\n","protected":false},"excerpt":{"rendered":"<p>Grup Boix will participate for the first time as an exhibitor at REBUILD 2026, the leading innovation event for the building sector in Spain, to be held from March 24 to 26 at IFEMA Madrid. The company\u2019s presence at the fair marks a new step in its strategy to position itself within the industrialised construction [&hellip;]<\/p>\n","protected":false},"author":10,"featured_media":2958,"comment_status":"closed","ping_status":"closed","sticky":false,"template":"","format":"standard","meta":{"footnotes":""},"categories":[76],"tags":[100],"class_list":["post-2957","post","type-post","status-publish","format-standard","has-post-thumbnail","hentry","category-grup-boix","tag-rebuild"],"yoast_head":"<!-- This site is optimized with the Yoast SEO plugin v27.5 - https:\/\/yoast.com\/product\/yoast-seo-wordpress\/ -->\n<title>First participation at REBUILD 2026<\/title>\n<meta name=\"description\" content=\"Grup Boix will participate for the first time as an exhibitor at REBUILD 2026, the leading innovation event for the building sector in Spain.\" \/>\n<meta name=\"robots\" content=\"index, follow, max-snippet:-1, max-image-preview:large, max-video-preview:-1\" \/>\n<link rel=\"canonical\" href=\"https:\/\/www.grupboix.com\/en\/grup-boix-enters-the-timber-construction-sector-with-its-first-participation-at-rebuild-2026\/\" \/>\n<meta property=\"og:locale\" content=\"en_US\" \/>\n<meta property=\"og:type\" content=\"article\" \/>\n<meta property=\"og:title\" content=\"First participation at REBUILD 2026\" \/>\n<meta property=\"og:description\" content=\"Grup Boix will participate for the first time as an exhibitor at REBUILD 2026, the leading innovation event for the building sector in Spain.\" \/>\n<meta property=\"og:url\" content=\"https:\/\/www.grupboix.com\/en\/grup-boix-enters-the-timber-construction-sector-with-its-first-participation-at-rebuild-2026\/\" \/>\n<meta property=\"og:site_name\" content=\"Grup Boix\" \/>\n<meta property=\"article:publisher\" content=\"https:\/\/www.facebook.com\/serradoraboix\" \/>\n<meta property=\"article:published_time\" content=\"2026-03-18T19:40:33+00:00\" \/>\n<meta property=\"og:image\" content=\"https:\/\/www.grupboix.com\/wp-content\/uploads\/2026\/03\/grup-boix-enters-the-timber-construction-sector-with-its-first-participation-at-rebuild-2026.jpg\" \/>\n\t<meta property=\"og:image:width\" content=\"1921\" \/>\n\t<meta property=\"og:image:height\" content=\"1080\" \/>\n\t<meta property=\"og:image:type\" content=\"image\/jpeg\" \/>\n<meta name=\"author\" content=\"Llu\u00eds Feliu\" \/>\n<meta name=\"twitter:card\" content=\"summary_large_image\" \/>\n<meta name=\"twitter:creator\" content=\"@serradoraboix\" \/>\n<meta name=\"twitter:site\" content=\"@serradoraboix\" \/>\n<meta name=\"twitter:label1\" content=\"Written by\" \/>\n\t<meta name=\"twitter:data1\" content=\"Llu\u00eds Feliu\" \/>\n\t<meta name=\"twitter:label2\" content=\"Est. reading time\" \/>\n\t<meta name=\"twitter:data2\" content=\"3 minutes\" \/>\n<script type=\"application\/ld+json\" class=\"yoast-schema-graph\">{\"@context\":\"https:\\\/\\\/schema.org\",\"@graph\":[{\"@type\":\"Article\",\"@id\":\"https:\\\/\\\/www.grupboix.com\\\/en\\\/grup-boix-enters-the-timber-construction-sector-with-its-first-participation-at-rebuild-2026\\\/#article\",\"isPartOf\":{\"@id\":\"https:\\\/\\\/www.grupboix.com\\\/en\\\/grup-boix-enters-the-timber-construction-sector-with-its-first-participation-at-rebuild-2026\\\/\"},\"author\":{\"name\":\"Llu\u00eds Feliu\",\"@id\":\"https:\\\/\\\/www.grupboix.com\\\/#\\\/schema\\\/person\\\/1509837a0486c91610d98260be309187\"},\"headline\":\"Grup Boix enters the timber construction sector with its first participation at REBUILD 2026\",\"datePublished\":\"2026-03-18T19:40:33+00:00\",\"mainEntityOfPage\":{\"@id\":\"https:\\\/\\\/www.grupboix.com\\\/en\\\/grup-boix-enters-the-timber-construction-sector-with-its-first-participation-at-rebuild-2026\\\/\"},\"wordCount\":546,\"image\":{\"@id\":\"https:\\\/\\\/www.grupboix.com\\\/en\\\/grup-boix-enters-the-timber-construction-sector-with-its-first-participation-at-rebuild-2026\\\/#primaryimage\"},\"thumbnailUrl\":\"https:\\\/\\\/www.grupboix.com\\\/wp-content\\\/uploads\\\/2026\\\/03\\\/grup-boix-enters-the-timber-construction-sector-with-its-first-participation-at-rebuild-2026.jpg\",\"keywords\":[\"REBUILD\"],\"articleSection\":[\"Grup Boix\"],\"inLanguage\":\"en-US\"},{\"@type\":\"WebPage\",\"@id\":\"https:\\\/\\\/www.grupboix.com\\\/en\\\/grup-boix-enters-the-timber-construction-sector-with-its-first-participation-at-rebuild-2026\\\/\",\"url\":\"https:\\\/\\\/www.grupboix.com\\\/en\\\/grup-boix-enters-the-timber-construction-sector-with-its-first-participation-at-rebuild-2026\\\/\",\"name\":\"First participation at REBUILD 2026\",\"isPartOf\":{\"@id\":\"https:\\\/\\\/www.grupboix.com\\\/#website\"},\"primaryImageOfPage\":{\"@id\":\"https:\\\/\\\/www.grupboix.com\\\/en\\\/grup-boix-enters-the-timber-construction-sector-with-its-first-participation-at-rebuild-2026\\\/#primaryimage\"},\"image\":{\"@id\":\"https:\\\/\\\/www.grupboix.com\\\/en\\\/grup-boix-enters-the-timber-construction-sector-with-its-first-participation-at-rebuild-2026\\\/#primaryimage\"},\"thumbnailUrl\":\"https:\\\/\\\/www.grupboix.com\\\/wp-content\\\/uploads\\\/2026\\\/03\\\/grup-boix-enters-the-timber-construction-sector-with-its-first-participation-at-rebuild-2026.jpg\",\"datePublished\":\"2026-03-18T19:40:33+00:00\",\"author\":{\"@id\":\"https:\\\/\\\/www.grupboix.com\\\/#\\\/schema\\\/person\\\/1509837a0486c91610d98260be309187\"},\"description\":\"Grup Boix will participate for the first time as an exhibitor at REBUILD 2026, the leading innovation event for the building sector in Spain.\",\"inLanguage\":\"en-US\",\"potentialAction\":[{\"@type\":\"ReadAction\",\"target\":[\"https:\\\/\\\/www.grupboix.com\\\/en\\\/grup-boix-enters-the-timber-construction-sector-with-its-first-participation-at-rebuild-2026\\\/\"]}]},{\"@type\":\"ImageObject\",\"inLanguage\":\"en-US\",\"@id\":\"https:\\\/\\\/www.grupboix.com\\\/en\\\/grup-boix-enters-the-timber-construction-sector-with-its-first-participation-at-rebuild-2026\\\/#primaryimage\",\"url\":\"https:\\\/\\\/www.grupboix.com\\\/wp-content\\\/uploads\\\/2026\\\/03\\\/grup-boix-enters-the-timber-construction-sector-with-its-first-participation-at-rebuild-2026.jpg\",\"contentUrl\":\"https:\\\/\\\/www.grupboix.com\\\/wp-content\\\/uploads\\\/2026\\\/03\\\/grup-boix-enters-the-timber-construction-sector-with-its-first-participation-at-rebuild-2026.jpg\",\"width\":1921,\"height\":1080},{\"@type\":\"WebSite\",\"@id\":\"https:\\\/\\\/www.grupboix.com\\\/#website\",\"url\":\"https:\\\/\\\/www.grupboix.com\\\/\",\"name\":\"Grup Boix\",\"description\":\"Fusta avui, bosc per sempre! Assegurar la protecci\u00f3, la regeneraci\u00f3 i la superviv\u00e8ncia dels boscos per millorar la seva capacitat d\u2019adaptaci\u00f3 i mantenir la biodiversitat\",\"potentialAction\":[{\"@type\":\"SearchAction\",\"target\":{\"@type\":\"EntryPoint\",\"urlTemplate\":\"https:\\\/\\\/www.grupboix.com\\\/?s={search_term_string}\"},\"query-input\":{\"@type\":\"PropertyValueSpecification\",\"valueRequired\":true,\"valueName\":\"search_term_string\"}}],\"inLanguage\":\"en-US\"},{\"@type\":\"Person\",\"@id\":\"https:\\\/\\\/www.grupboix.com\\\/#\\\/schema\\\/person\\\/1509837a0486c91610d98260be309187\",\"name\":\"Llu\u00eds Feliu\",\"url\":\"https:\\\/\\\/www.grupboix.com\\\/en\\\/author\\\/llfeliu\\\/\"}]}<\/script>\n<!-- \/ Yoast SEO plugin. -->","yoast_head_json":{"title":"First participation at REBUILD 2026","description":"Grup Boix will participate for the first time as an exhibitor at REBUILD 2026, the leading innovation event for the building sector in Spain.","robots":{"index":"index","follow":"follow","max-snippet":"max-snippet:-1","max-image-preview":"max-image-preview:large","max-video-preview":"max-video-preview:-1"},"canonical":"https:\/\/www.grupboix.com\/en\/grup-boix-enters-the-timber-construction-sector-with-its-first-participation-at-rebuild-2026\/","og_locale":"en_US","og_type":"article","og_title":"First participation at REBUILD 2026","og_description":"Grup Boix will participate for the first time as an exhibitor at REBUILD 2026, the leading innovation event for the building sector in Spain.","og_url":"https:\/\/www.grupboix.com\/en\/grup-boix-enters-the-timber-construction-sector-with-its-first-participation-at-rebuild-2026\/","og_site_name":"Grup Boix","article_publisher":"https:\/\/www.facebook.com\/serradoraboix","article_published_time":"2026-03-18T19:40:33+00:00","og_image":[{"width":1921,"height":1080,"url":"https:\/\/www.grupboix.com\/wp-content\/uploads\/2026\/03\/grup-boix-enters-the-timber-construction-sector-with-its-first-participation-at-rebuild-2026.jpg","type":"image\/jpeg"}],"author":"Llu\u00eds Feliu","twitter_card":"summary_large_image","twitter_creator":"@serradoraboix","twitter_site":"@serradoraboix","twitter_misc":{"Written by":"Llu\u00eds Feliu","Est. reading time":"3 minutes"},"schema":{"@context":"https:\/\/schema.org","@graph":[{"@type":"Article","@id":"https:\/\/www.grupboix.com\/en\/grup-boix-enters-the-timber-construction-sector-with-its-first-participation-at-rebuild-2026\/#article","isPartOf":{"@id":"https:\/\/www.grupboix.com\/en\/grup-boix-enters-the-timber-construction-sector-with-its-first-participation-at-rebuild-2026\/"},"author":{"name":"Llu\u00eds Feliu","@id":"https:\/\/www.grupboix.com\/#\/schema\/person\/1509837a0486c91610d98260be309187"},"headline":"Grup Boix enters the timber construction sector with its first participation at REBUILD 2026","datePublished":"2026-03-18T19:40:33+00:00","mainEntityOfPage":{"@id":"https:\/\/www.grupboix.com\/en\/grup-boix-enters-the-timber-construction-sector-with-its-first-participation-at-rebuild-2026\/"},"wordCount":546,"image":{"@id":"https:\/\/www.grupboix.com\/en\/grup-boix-enters-the-timber-construction-sector-with-its-first-participation-at-rebuild-2026\/#primaryimage"},"thumbnailUrl":"https:\/\/www.grupboix.com\/wp-content\/uploads\/2026\/03\/grup-boix-enters-the-timber-construction-sector-with-its-first-participation-at-rebuild-2026.jpg","keywords":["REBUILD"],"articleSection":["Grup Boix"],"inLanguage":"en-US"},{"@type":"WebPage","@id":"https:\/\/www.grupboix.com\/en\/grup-boix-enters-the-timber-construction-sector-with-its-first-participation-at-rebuild-2026\/","url":"https:\/\/www.grupboix.com\/en\/grup-boix-enters-the-timber-construction-sector-with-its-first-participation-at-rebuild-2026\/","name":"First participation at REBUILD 2026","isPartOf":{"@id":"https:\/\/www.grupboix.com\/#website"},"primaryImageOfPage":{"@id":"https:\/\/www.grupboix.com\/en\/grup-boix-enters-the-timber-construction-sector-with-its-first-participation-at-rebuild-2026\/#primaryimage"},"image":{"@id":"https:\/\/www.grupboix.com\/en\/grup-boix-enters-the-timber-construction-sector-with-its-first-participation-at-rebuild-2026\/#primaryimage"},"thumbnailUrl":"https:\/\/www.grupboix.com\/wp-content\/uploads\/2026\/03\/grup-boix-enters-the-timber-construction-sector-with-its-first-participation-at-rebuild-2026.jpg","datePublished":"2026-03-18T19:40:33+00:00","author":{"@id":"https:\/\/www.grupboix.com\/#\/schema\/person\/1509837a0486c91610d98260be309187"},"description":"Grup Boix will participate for the first time as an exhibitor at REBUILD 2026, the leading innovation event for the building sector in Spain.","inLanguage":"en-US","potentialAction":[{"@type":"ReadAction","target":["https:\/\/www.grupboix.com\/en\/grup-boix-enters-the-timber-construction-sector-with-its-first-participation-at-rebuild-2026\/"]}]},{"@type":"ImageObject","inLanguage":"en-US","@id":"https:\/\/www.grupboix.com\/en\/grup-boix-enters-the-timber-construction-sector-with-its-first-participation-at-rebuild-2026\/#primaryimage","url":"https:\/\/www.grupboix.com\/wp-content\/uploads\/2026\/03\/grup-boix-enters-the-timber-construction-sector-with-its-first-participation-at-rebuild-2026.jpg","contentUrl":"https:\/\/www.grupboix.com\/wp-content\/uploads\/2026\/03\/grup-boix-enters-the-timber-construction-sector-with-its-first-participation-at-rebuild-2026.jpg","width":1921,"height":1080},{"@type":"WebSite","@id":"https:\/\/www.grupboix.com\/#website","url":"https:\/\/www.grupboix.com\/","name":"Grup Boix","description":"Fusta avui, bosc per sempre! Assegurar la protecci\u00f3, la regeneraci\u00f3 i la superviv\u00e8ncia dels boscos per millorar la seva capacitat d\u2019adaptaci\u00f3 i mantenir la biodiversitat","potentialAction":[{"@type":"SearchAction","target":{"@type":"EntryPoint","urlTemplate":"https:\/\/www.grupboix.com\/?s={search_term_string}"},"query-input":{"@type":"PropertyValueSpecification","valueRequired":true,"valueName":"search_term_string"}}],"inLanguage":"en-US"},{"@type":"Person","@id":"https:\/\/www.grupboix.com\/#\/schema\/person\/1509837a0486c91610d98260be309187","name":"Llu\u00eds Feliu","url":"https:\/\/www.grupboix.com\/en\/author\/llfeliu\/"}]}},"_links":{"self":[{"href":"https:\/\/www.grupboix.com\/en\/wp-json\/wp\/v2\/posts\/2957","targetHints":{"allow":["GET"]}}],"collection":[{"href":"https:\/\/www.grupboix.com\/en\/wp-json\/wp\/v2\/posts"}],"about":[{"href":"https:\/\/www.grupboix.com\/en\/wp-json\/wp\/v2\/types\/post"}],"author":[{"embeddable":true,"href":"https:\/\/www.grupboix.com\/en\/wp-json\/wp\/v2\/users\/10"}],"replies":[{"embeddable":true,"href":"https:\/\/www.grupboix.com\/en\/wp-json\/wp\/v2\/comments?post=2957"}],"version-history":[{"count":1,"href":"https:\/\/www.grupboix.com\/en\/wp-json\/wp\/v2\/posts\/2957\/revisions"}],"predecessor-version":[{"id":2961,"href":"https:\/\/www.grupboix.com\/en\/wp-json\/wp\/v2\/posts\/2957\/revisions\/2961"}],"wp:featuredmedia":[{"embeddable":true,"href":"https:\/\/www.grupboix.com\/en\/wp-json\/wp\/v2\/media\/2958"}],"wp:attachment":[{"href":"https:\/\/www.grupboix.com\/en\/wp-json\/wp\/v2\/media?parent=2957"}],"wp:term":[{"taxonomy":"category","embeddable":true,"href":"https:\/\/www.grupboix.com\/en\/wp-json\/wp\/v2\/categories?post=2957"},{"taxonomy":"post_tag","embeddable":true,"href":"https:\/\/www.grupboix.com\/en\/wp-json\/wp\/v2\/tags?post=2957"}],"curies":[{"name":"wp","href":"https:\/\/api.w.org\/{rel}","templated":true}]}}