{"id":2392,"date":"2023-11-20T17:13:20","date_gmt":"2023-11-20T16:13:20","guid":{"rendered":"https:\/\/www.grupboix.com\/?p=2392"},"modified":"2023-11-22T09:49:40","modified_gmt":"2023-11-22T08:49:40","slug":"clt-exhibited-at-the-sant-marti-fair-in-puig-reig","status":"publish","type":"post","link":"https:\/\/www.grupboix.com\/en\/clt-exhibited-at-the-sant-marti-fair-in-puig-reig\/","title":{"rendered":"CLT exhibited at the Sant Mart\u00ed Fair in Puig-reig"},"content":{"rendered":"<p>The Sant Mart\u00ed fair was held in Puig-reig during 11th and 12th November. An opportunity to discover the local commerce, the business network, the municipal entities, the culture and the identity of the town of Puig-reig.<\/p>\n<p>Grup Boix was present at the fair to show and explain the activity of the sawmill and also to publicise the organisation&#8217;s new project, the forthcoming construction of an industrial building for the production of cross-laminated timber panels, CLT (Cross Laminated Timber).<\/p>\n<p>During the weekend, visitors from all over the region and residents of Puig-reig were interested in learning about the activity of Grup Boix. Moreover, the presence at the fair allowed the mayoress of Puig-reig, Eva Serra, and the delegate of Commerce and Consumption of the Diputaci\u00f3 de Barcelona, Olga Serra, to get to know the project.<\/p>\n<figure id=\"attachment_2388\" aria-describedby=\"caption-attachment-2388\" style=\"width: 446px\" class=\"wp-caption aligncenter\"><img loading=\"lazy\" decoding=\"async\" class=\"wp-image-2388\" src=\"https:\/\/www.grupboix.com\/wp-content\/uploads\/2023\/11\/whatsapp-image-2023-11-20-at-12.11.00-2.jpeg\" alt=\"\" width=\"446\" height=\"595\" srcset=\"https:\/\/www.grupboix.com\/wp-content\/uploads\/2023\/11\/whatsapp-image-2023-11-20-at-12.11.00-2.jpeg 768w, https:\/\/www.grupboix.com\/wp-content\/uploads\/2023\/11\/whatsapp-image-2023-11-20-at-12.11.00-2-225x300.jpeg 225w\" sizes=\"auto, (max-width: 446px) 100vw, 446px\" \/><figcaption id=\"caption-attachment-2388\" class=\"wp-caption-text\">From left to right. The delegate of Commerce and Consumption of the Diputaci\u00f3 de Barcelona, Olga Serra, the mayoress of Puig-reig, Eva Serra, the councillor of economic promotion and culture, Pol Vila, and Joan Boix, managing director of Grup Boix. By: Grup Boix.<\/figcaption><\/figure>\n<p>To make the reality of the project clearly, the company adapted a stand built with CLT, where interested people could observe the structural qualities of cross-laminated timber.<\/p>\n<p>In addition, the stand was equipped with informative roll-ups showing the advantages of CLT in terms of construction, energy efficiency and sustainability. &#8220;CLT is changing the construction sector, not only in terms of sustainability and energy efficiency, but also in terms of speed of assembly and reduction of construction&#8221;, says Josep Ferrer, industrial engineer of the CLT project.<\/p>\n<figure id=\"attachment_2384\" aria-describedby=\"caption-attachment-2384\" style=\"width: 729px\" class=\"wp-caption aligncenter\"><img loading=\"lazy\" decoding=\"async\" class=\"wp-image-2384\" src=\"https:\/\/www.grupboix.com\/wp-content\/uploads\/2023\/11\/whatsapp-image-2023-11-20-at-12.11.00-1-2.jpeg\" alt=\"\" width=\"729\" height=\"484\" srcset=\"https:\/\/www.grupboix.com\/wp-content\/uploads\/2023\/11\/whatsapp-image-2023-11-20-at-12.11.00-1-2.jpeg 838w, https:\/\/www.grupboix.com\/wp-content\/uploads\/2023\/11\/whatsapp-image-2023-11-20-at-12.11.00-1-2-300x199.jpeg 300w, https:\/\/www.grupboix.com\/wp-content\/uploads\/2023\/11\/whatsapp-image-2023-11-20-at-12.11.00-1-2-768x510.jpeg 768w\" sizes=\"auto, (max-width: 729px) 100vw, 729px\" \/><figcaption id=\"caption-attachment-2384\" class=\"wp-caption-text\">Josep Ferrer, industrial engineer of the CLT project, explaining the new project. By: Grup Boix.<\/figcaption><\/figure>\n<p>In the same way, a screen inside the stand showed the production process of the sawmill, and also, the future CLT production line could also be seen for the first time. A pioneering production line in terms of technology and industrial digitalisation.<\/p>\n","protected":false},"excerpt":{"rendered":"<p>The Sant Mart\u00ed fair was held in Puig-reig during 11th and 12th November. An opportunity to discover the local commerce, the business network, the municipal entities, the culture and the identity of the town of Puig-reig. Grup Boix was present at the fair to show and explain the activity of the sawmill and also to [&hellip;]<\/p>\n","protected":false},"author":8,"featured_media":2383,"comment_status":"closed","ping_status":"closed","sticky":false,"template":"","format":"standard","meta":{"footnotes":""},"categories":[],"tags":[],"class_list":["post-2392","post","type-post","status-publish","format-standard","has-post-thumbnail","hentry"],"yoast_head":"<!-- This site is optimized with the Yoast SEO plugin v27.5 - https:\/\/yoast.com\/product\/yoast-seo-wordpress\/ -->\n<title>CLT exhibited at the Sant Mart\u00ed Fair in Puig-reig - Grup Boix<\/title>\n<meta name=\"description\" content=\"Grup Boix was present at the fair to show and explain the activity of the sawmill and also to publicise the organisation&#039;s new project, the construction of an industrial building for the production of CLT.\" \/>\n<meta name=\"robots\" content=\"index, follow, max-snippet:-1, max-image-preview:large, max-video-preview:-1\" \/>\n<link rel=\"canonical\" href=\"https:\/\/www.grupboix.com\/en\/clt-exhibited-at-the-sant-marti-fair-in-puig-reig\/\" \/>\n<meta property=\"og:locale\" content=\"en_US\" \/>\n<meta property=\"og:type\" content=\"article\" \/>\n<meta property=\"og:title\" content=\"CLT exhibited at the Sant Mart\u00ed Fair in Puig-reig - Grup Boix\" \/>\n<meta property=\"og:description\" content=\"Grup Boix was present at the fair to show and explain the activity of the sawmill and also to publicise the organisation&#039;s new project, the construction of an industrial building for the production of CLT.\" \/>\n<meta property=\"og:url\" content=\"https:\/\/www.grupboix.com\/en\/clt-exhibited-at-the-sant-marti-fair-in-puig-reig\/\" \/>\n<meta property=\"og:site_name\" content=\"Grup Boix\" \/>\n<meta property=\"article:publisher\" content=\"https:\/\/www.facebook.com\/serradoraboix\" \/>\n<meta property=\"article:published_time\" content=\"2023-11-20T16:13:20+00:00\" \/>\n<meta property=\"article:modified_time\" content=\"2023-11-22T08:49:40+00:00\" \/>\n<meta property=\"og:image\" content=\"https:\/\/www.grupboix.com\/wp-content\/uploads\/2023\/11\/whatsapp-image-2023-11-20-at-12.11.00-1-2.jpeg\" \/>\n\t<meta property=\"og:image:width\" content=\"838\" \/>\n\t<meta property=\"og:image:height\" content=\"556\" \/>\n\t<meta property=\"og:image:type\" content=\"image\/jpeg\" \/>\n<meta name=\"author\" content=\"SalviM\" \/>\n<meta name=\"twitter:card\" content=\"summary_large_image\" \/>\n<meta name=\"twitter:creator\" content=\"@serradoraboix\" \/>\n<meta name=\"twitter:site\" content=\"@serradoraboix\" \/>\n<meta name=\"twitter:label1\" content=\"Written by\" \/>\n\t<meta name=\"twitter:data1\" content=\"SalviM\" \/>\n\t<meta name=\"twitter:label2\" content=\"Est. reading time\" \/>\n\t<meta name=\"twitter:data2\" content=\"2 minutes\" \/>\n<script type=\"application\/ld+json\" class=\"yoast-schema-graph\">{\"@context\":\"https:\\\/\\\/schema.org\",\"@graph\":[{\"@type\":\"Article\",\"@id\":\"https:\\\/\\\/www.grupboix.com\\\/en\\\/clt-exhibited-at-the-sant-marti-fair-in-puig-reig\\\/#article\",\"isPartOf\":{\"@id\":\"https:\\\/\\\/www.grupboix.com\\\/en\\\/clt-exhibited-at-the-sant-marti-fair-in-puig-reig\\\/\"},\"author\":{\"name\":\"SalviM\",\"@id\":\"https:\\\/\\\/www.grupboix.com\\\/#\\\/schema\\\/person\\\/282ab5532bc4ce63387493640bb551f6\"},\"headline\":\"CLT exhibited at the Sant Mart\u00ed Fair in Puig-reig\",\"datePublished\":\"2023-11-20T16:13:20+00:00\",\"dateModified\":\"2023-11-22T08:49:40+00:00\",\"mainEntityOfPage\":{\"@id\":\"https:\\\/\\\/www.grupboix.com\\\/en\\\/clt-exhibited-at-the-sant-marti-fair-in-puig-reig\\\/\"},\"wordCount\":343,\"image\":{\"@id\":\"https:\\\/\\\/www.grupboix.com\\\/en\\\/clt-exhibited-at-the-sant-marti-fair-in-puig-reig\\\/#primaryimage\"},\"thumbnailUrl\":\"https:\\\/\\\/www.grupboix.com\\\/wp-content\\\/uploads\\\/2023\\\/11\\\/whatsapp-image-2023-11-20-at-12.11.00-1-2.jpeg\",\"inLanguage\":\"en-US\"},{\"@type\":\"WebPage\",\"@id\":\"https:\\\/\\\/www.grupboix.com\\\/en\\\/clt-exhibited-at-the-sant-marti-fair-in-puig-reig\\\/\",\"url\":\"https:\\\/\\\/www.grupboix.com\\\/en\\\/clt-exhibited-at-the-sant-marti-fair-in-puig-reig\\\/\",\"name\":\"CLT exhibited at the Sant Mart\u00ed Fair in Puig-reig - Grup Boix\",\"isPartOf\":{\"@id\":\"https:\\\/\\\/www.grupboix.com\\\/#website\"},\"primaryImageOfPage\":{\"@id\":\"https:\\\/\\\/www.grupboix.com\\\/en\\\/clt-exhibited-at-the-sant-marti-fair-in-puig-reig\\\/#primaryimage\"},\"image\":{\"@id\":\"https:\\\/\\\/www.grupboix.com\\\/en\\\/clt-exhibited-at-the-sant-marti-fair-in-puig-reig\\\/#primaryimage\"},\"thumbnailUrl\":\"https:\\\/\\\/www.grupboix.com\\\/wp-content\\\/uploads\\\/2023\\\/11\\\/whatsapp-image-2023-11-20-at-12.11.00-1-2.jpeg\",\"datePublished\":\"2023-11-20T16:13:20+00:00\",\"dateModified\":\"2023-11-22T08:49:40+00:00\",\"author\":{\"@id\":\"https:\\\/\\\/www.grupboix.com\\\/#\\\/schema\\\/person\\\/282ab5532bc4ce63387493640bb551f6\"},\"description\":\"Grup Boix was present at the fair to show and explain the activity of the sawmill and also to publicise the organisation's new project, the construction of an industrial building for the production of CLT.\",\"inLanguage\":\"en-US\",\"potentialAction\":[{\"@type\":\"ReadAction\",\"target\":[\"https:\\\/\\\/www.grupboix.com\\\/en\\\/clt-exhibited-at-the-sant-marti-fair-in-puig-reig\\\/\"]}]},{\"@type\":\"ImageObject\",\"inLanguage\":\"en-US\",\"@id\":\"https:\\\/\\\/www.grupboix.com\\\/en\\\/clt-exhibited-at-the-sant-marti-fair-in-puig-reig\\\/#primaryimage\",\"url\":\"https:\\\/\\\/www.grupboix.com\\\/wp-content\\\/uploads\\\/2023\\\/11\\\/whatsapp-image-2023-11-20-at-12.11.00-1-2.jpeg\",\"contentUrl\":\"https:\\\/\\\/www.grupboix.com\\\/wp-content\\\/uploads\\\/2023\\\/11\\\/whatsapp-image-2023-11-20-at-12.11.00-1-2.jpeg\",\"width\":838,\"height\":556,\"caption\":\"El CLT present a la Fira de Sant Mart\u00ed de Puig-reig\"},{\"@type\":\"WebSite\",\"@id\":\"https:\\\/\\\/www.grupboix.com\\\/#website\",\"url\":\"https:\\\/\\\/www.grupboix.com\\\/\",\"name\":\"Grup Boix\",\"description\":\"Fusta avui, bosc per sempre! Assegurar la protecci\u00f3, la regeneraci\u00f3 i la superviv\u00e8ncia dels boscos per millorar la seva capacitat d\u2019adaptaci\u00f3 i mantenir la biodiversitat\",\"potentialAction\":[{\"@type\":\"SearchAction\",\"target\":{\"@type\":\"EntryPoint\",\"urlTemplate\":\"https:\\\/\\\/www.grupboix.com\\\/?s={search_term_string}\"},\"query-input\":{\"@type\":\"PropertyValueSpecification\",\"valueRequired\":true,\"valueName\":\"search_term_string\"}}],\"inLanguage\":\"en-US\"},{\"@type\":\"Person\",\"@id\":\"https:\\\/\\\/www.grupboix.com\\\/#\\\/schema\\\/person\\\/282ab5532bc4ce63387493640bb551f6\",\"name\":\"SalviM\",\"url\":\"https:\\\/\\\/www.grupboix.com\\\/en\\\/author\\\/gb_salvi\\\/\"}]}<\/script>\n<!-- \/ Yoast SEO plugin. -->","yoast_head_json":{"title":"CLT exhibited at the Sant Mart\u00ed Fair in Puig-reig - Grup Boix","description":"Grup Boix was present at the fair to show and explain the activity of the sawmill and also to publicise the organisation's new project, the construction of an industrial building for the production of CLT.","robots":{"index":"index","follow":"follow","max-snippet":"max-snippet:-1","max-image-preview":"max-image-preview:large","max-video-preview":"max-video-preview:-1"},"canonical":"https:\/\/www.grupboix.com\/en\/clt-exhibited-at-the-sant-marti-fair-in-puig-reig\/","og_locale":"en_US","og_type":"article","og_title":"CLT exhibited at the Sant Mart\u00ed Fair in Puig-reig - Grup Boix","og_description":"Grup Boix was present at the fair to show and explain the activity of the sawmill and also to publicise the organisation's new project, the construction of an industrial building for the production of CLT.","og_url":"https:\/\/www.grupboix.com\/en\/clt-exhibited-at-the-sant-marti-fair-in-puig-reig\/","og_site_name":"Grup Boix","article_publisher":"https:\/\/www.facebook.com\/serradoraboix","article_published_time":"2023-11-20T16:13:20+00:00","article_modified_time":"2023-11-22T08:49:40+00:00","og_image":[{"width":838,"height":556,"url":"https:\/\/www.grupboix.com\/wp-content\/uploads\/2023\/11\/whatsapp-image-2023-11-20-at-12.11.00-1-2.jpeg","type":"image\/jpeg"}],"author":"SalviM","twitter_card":"summary_large_image","twitter_creator":"@serradoraboix","twitter_site":"@serradoraboix","twitter_misc":{"Written by":"SalviM","Est. reading time":"2 minutes"},"schema":{"@context":"https:\/\/schema.org","@graph":[{"@type":"Article","@id":"https:\/\/www.grupboix.com\/en\/clt-exhibited-at-the-sant-marti-fair-in-puig-reig\/#article","isPartOf":{"@id":"https:\/\/www.grupboix.com\/en\/clt-exhibited-at-the-sant-marti-fair-in-puig-reig\/"},"author":{"name":"SalviM","@id":"https:\/\/www.grupboix.com\/#\/schema\/person\/282ab5532bc4ce63387493640bb551f6"},"headline":"CLT exhibited at the Sant Mart\u00ed Fair in Puig-reig","datePublished":"2023-11-20T16:13:20+00:00","dateModified":"2023-11-22T08:49:40+00:00","mainEntityOfPage":{"@id":"https:\/\/www.grupboix.com\/en\/clt-exhibited-at-the-sant-marti-fair-in-puig-reig\/"},"wordCount":343,"image":{"@id":"https:\/\/www.grupboix.com\/en\/clt-exhibited-at-the-sant-marti-fair-in-puig-reig\/#primaryimage"},"thumbnailUrl":"https:\/\/www.grupboix.com\/wp-content\/uploads\/2023\/11\/whatsapp-image-2023-11-20-at-12.11.00-1-2.jpeg","inLanguage":"en-US"},{"@type":"WebPage","@id":"https:\/\/www.grupboix.com\/en\/clt-exhibited-at-the-sant-marti-fair-in-puig-reig\/","url":"https:\/\/www.grupboix.com\/en\/clt-exhibited-at-the-sant-marti-fair-in-puig-reig\/","name":"CLT exhibited at the Sant Mart\u00ed Fair in Puig-reig - Grup Boix","isPartOf":{"@id":"https:\/\/www.grupboix.com\/#website"},"primaryImageOfPage":{"@id":"https:\/\/www.grupboix.com\/en\/clt-exhibited-at-the-sant-marti-fair-in-puig-reig\/#primaryimage"},"image":{"@id":"https:\/\/www.grupboix.com\/en\/clt-exhibited-at-the-sant-marti-fair-in-puig-reig\/#primaryimage"},"thumbnailUrl":"https:\/\/www.grupboix.com\/wp-content\/uploads\/2023\/11\/whatsapp-image-2023-11-20-at-12.11.00-1-2.jpeg","datePublished":"2023-11-20T16:13:20+00:00","dateModified":"2023-11-22T08:49:40+00:00","author":{"@id":"https:\/\/www.grupboix.com\/#\/schema\/person\/282ab5532bc4ce63387493640bb551f6"},"description":"Grup Boix was present at the fair to show and explain the activity of the sawmill and also to publicise the organisation's new project, the construction of an industrial building for the production of CLT.","inLanguage":"en-US","potentialAction":[{"@type":"ReadAction","target":["https:\/\/www.grupboix.com\/en\/clt-exhibited-at-the-sant-marti-fair-in-puig-reig\/"]}]},{"@type":"ImageObject","inLanguage":"en-US","@id":"https:\/\/www.grupboix.com\/en\/clt-exhibited-at-the-sant-marti-fair-in-puig-reig\/#primaryimage","url":"https:\/\/www.grupboix.com\/wp-content\/uploads\/2023\/11\/whatsapp-image-2023-11-20-at-12.11.00-1-2.jpeg","contentUrl":"https:\/\/www.grupboix.com\/wp-content\/uploads\/2023\/11\/whatsapp-image-2023-11-20-at-12.11.00-1-2.jpeg","width":838,"height":556,"caption":"El CLT present a la Fira de Sant Mart\u00ed de Puig-reig"},{"@type":"WebSite","@id":"https:\/\/www.grupboix.com\/#website","url":"https:\/\/www.grupboix.com\/","name":"Grup Boix","description":"Fusta avui, bosc per sempre! Assegurar la protecci\u00f3, la regeneraci\u00f3 i la superviv\u00e8ncia dels boscos per millorar la seva capacitat d\u2019adaptaci\u00f3 i mantenir la biodiversitat","potentialAction":[{"@type":"SearchAction","target":{"@type":"EntryPoint","urlTemplate":"https:\/\/www.grupboix.com\/?s={search_term_string}"},"query-input":{"@type":"PropertyValueSpecification","valueRequired":true,"valueName":"search_term_string"}}],"inLanguage":"en-US"},{"@type":"Person","@id":"https:\/\/www.grupboix.com\/#\/schema\/person\/282ab5532bc4ce63387493640bb551f6","name":"SalviM","url":"https:\/\/www.grupboix.com\/en\/author\/gb_salvi\/"}]}},"_links":{"self":[{"href":"https:\/\/www.grupboix.com\/en\/wp-json\/wp\/v2\/posts\/2392","targetHints":{"allow":["GET"]}}],"collection":[{"href":"https:\/\/www.grupboix.com\/en\/wp-json\/wp\/v2\/posts"}],"about":[{"href":"https:\/\/www.grupboix.com\/en\/wp-json\/wp\/v2\/types\/post"}],"author":[{"embeddable":true,"href":"https:\/\/www.grupboix.com\/en\/wp-json\/wp\/v2\/users\/8"}],"replies":[{"embeddable":true,"href":"https:\/\/www.grupboix.com\/en\/wp-json\/wp\/v2\/comments?post=2392"}],"version-history":[{"count":2,"href":"https:\/\/www.grupboix.com\/en\/wp-json\/wp\/v2\/posts\/2392\/revisions"}],"predecessor-version":[{"id":2395,"href":"https:\/\/www.grupboix.com\/en\/wp-json\/wp\/v2\/posts\/2392\/revisions\/2395"}],"wp:featuredmedia":[{"embeddable":true,"href":"https:\/\/www.grupboix.com\/en\/wp-json\/wp\/v2\/media\/2383"}],"wp:attachment":[{"href":"https:\/\/www.grupboix.com\/en\/wp-json\/wp\/v2\/media?parent=2392"}],"wp:term":[{"taxonomy":"category","embeddable":true,"href":"https:\/\/www.grupboix.com\/en\/wp-json\/wp\/v2\/categories?post=2392"},{"taxonomy":"post_tag","embeddable":true,"href":"https:\/\/www.grupboix.com\/en\/wp-json\/wp\/v2\/tags?post=2392"}],"curies":[{"name":"wp","href":"https:\/\/api.w.org\/{rel}","templated":true}]}}