{"id":2088,"date":"2022-11-25T16:37:08","date_gmt":"2022-11-25T15:37:08","guid":{"rendered":"https:\/\/www.grupboix.com\/?p=2088"},"modified":"2022-11-25T16:37:08","modified_gmt":"2022-11-25T15:37:08","slug":"round-table-at-the-diocesan-school-of-navas-to-strengthen-the-relationship-between-vocational-training-and-companies","status":"publish","type":"post","link":"https:\/\/www.grupboix.com\/en\/round-table-at-the-diocesan-school-of-navas-to-strengthen-the-relationship-between-vocational-training-and-companies\/","title":{"rendered":"Round table at the Diocesan School of Nav\u00e0s to strengthen the relationship between vocational training and companies."},"content":{"rendered":"<p>On Tuesday 22 November an information day was held at the Diocesan School of Nav\u00e0s to show the importance of the bridge between companies and vocational training students. Tuesday&#8217;s session, promoted by the Taula de la Formaci\u00f3 del Bages, brought together four representatives from companies in Bergued\u00e0 and Bages to raise awareness of the importance of vocational training and the real need for qualified personnel in companies.<\/p>\n<p>From Grup Boix, operations manager Ramon Marginet was one of the four guest speakers at the session. Marginet explained the need for vocational training and the professional advancement it represents. &#8220;Professional training helps to open doors within the work team of a company, as the learning that is acquired is very enriching&#8221;, said Marginet between the interventions of Robert Molas, from Aplitelc Bergued\u00e0, Rafael S\u00e1nchez, from Meinsa, and Marc Canudas, from the company Bermaq.<\/p>\n<p>The objectives established by the Taula de la Formaci\u00f3 del Bages are to adjust the training offer to the demands of the productive fabric and the labour market, as well as to influence the competent bodies to achieve the necessary benefits for the competitiveness of the region.<\/p>\n<p><img loading=\"lazy\" decoding=\"async\" class=\"aligncenter wp-image-2073 size-large\" src=\"https:\/\/www.grupboix.com\/wp-content\/uploads\/2022\/11\/taula-rodona-a-ledn-1024x669.jpg\" alt=\"\" width=\"640\" height=\"418\" srcset=\"https:\/\/www.grupboix.com\/wp-content\/uploads\/2022\/11\/taula-rodona-a-ledn-1024x669.jpg 1024w, https:\/\/www.grupboix.com\/wp-content\/uploads\/2022\/11\/taula-rodona-a-ledn-300x196.jpg 300w, https:\/\/www.grupboix.com\/wp-content\/uploads\/2022\/11\/taula-rodona-a-ledn-768x502.jpg 768w, https:\/\/www.grupboix.com\/wp-content\/uploads\/2022\/11\/taula-rodona-a-ledn-1536x1004.jpg 1536w, https:\/\/www.grupboix.com\/wp-content\/uploads\/2022\/11\/taula-rodona-a-ledn.jpg 1920w\" sizes=\"auto, (max-width: 640px) 100vw, 640px\" \/><\/p>\n","protected":false},"excerpt":{"rendered":"<p>On Tuesday 22 November an information day was held at the Diocesan School of Nav\u00e0s to show the importance of the bridge between companies and vocational training students. Tuesday&#8217;s session, promoted by the Taula de la Formaci\u00f3 del Bages, brought together four representatives from companies in Bergued\u00e0 and Bages to raise awareness of the importance [&hellip;]<\/p>\n","protected":false},"author":8,"featured_media":2076,"comment_status":"closed","ping_status":"closed","sticky":false,"template":"","format":"standard","meta":{"footnotes":""},"categories":[52],"tags":[],"class_list":["post-2088","post","type-post","status-publish","format-standard","has-post-thumbnail","hentry","category-uncategorized"],"yoast_head":"<!-- This site is optimized with the Yoast SEO plugin v27.5 - https:\/\/yoast.com\/product\/yoast-seo-wordpress\/ -->\n<title>Round table at the Diocesan School of Nav\u00e0s to strengthen the relationship between vocational training and companies. - Grup Boix<\/title>\n<meta name=\"description\" content=\"Round table to understand the importance of vocational training and the real need for qualified personnel in companies.\" \/>\n<meta name=\"robots\" content=\"index, follow, max-snippet:-1, max-image-preview:large, max-video-preview:-1\" \/>\n<link rel=\"canonical\" href=\"https:\/\/www.grupboix.com\/en\/round-table-at-the-diocesan-school-of-navas-to-strengthen-the-relationship-between-vocational-training-and-companies\/\" \/>\n<meta property=\"og:locale\" content=\"en_US\" \/>\n<meta property=\"og:type\" content=\"article\" \/>\n<meta property=\"og:title\" content=\"Round table at the Diocesan School of Nav\u00e0s to strengthen the relationship between vocational training and companies. - Grup Boix\" \/>\n<meta property=\"og:description\" content=\"Round table to understand the importance of vocational training and the real need for qualified personnel in companies.\" \/>\n<meta property=\"og:url\" content=\"https:\/\/www.grupboix.com\/en\/round-table-at-the-diocesan-school-of-navas-to-strengthen-the-relationship-between-vocational-training-and-companies\/\" \/>\n<meta property=\"og:site_name\" content=\"Grup Boix\" \/>\n<meta property=\"article:publisher\" content=\"https:\/\/www.facebook.com\/serradoraboix\" \/>\n<meta property=\"article:published_time\" content=\"2022-11-25T15:37:08+00:00\" \/>\n<meta property=\"og:image\" content=\"https:\/\/www.grupboix.com\/wp-content\/uploads\/2022\/11\/imatge-oberta-de-lacte.jpg\" \/>\n\t<meta property=\"og:image:width\" content=\"1600\" \/>\n\t<meta property=\"og:image:height\" content=\"900\" \/>\n\t<meta property=\"og:image:type\" content=\"image\/jpeg\" \/>\n<meta name=\"author\" content=\"SalviM\" \/>\n<meta name=\"twitter:card\" content=\"summary_large_image\" \/>\n<meta name=\"twitter:creator\" content=\"@serradoraboix\" \/>\n<meta name=\"twitter:site\" content=\"@serradoraboix\" \/>\n<meta name=\"twitter:label1\" content=\"Written by\" \/>\n\t<meta name=\"twitter:data1\" content=\"SalviM\" \/>\n\t<meta name=\"twitter:label2\" content=\"Est. reading time\" \/>\n\t<meta name=\"twitter:data2\" content=\"1 minute\" \/>\n<script type=\"application\/ld+json\" class=\"yoast-schema-graph\">{\"@context\":\"https:\\\/\\\/schema.org\",\"@graph\":[{\"@type\":\"Article\",\"@id\":\"https:\\\/\\\/www.grupboix.com\\\/en\\\/round-table-at-the-diocesan-school-of-navas-to-strengthen-the-relationship-between-vocational-training-and-companies\\\/#article\",\"isPartOf\":{\"@id\":\"https:\\\/\\\/www.grupboix.com\\\/en\\\/round-table-at-the-diocesan-school-of-navas-to-strengthen-the-relationship-between-vocational-training-and-companies\\\/\"},\"author\":{\"name\":\"SalviM\",\"@id\":\"https:\\\/\\\/www.grupboix.com\\\/#\\\/schema\\\/person\\\/282ab5532bc4ce63387493640bb551f6\"},\"headline\":\"Round table at the Diocesan School of Nav\u00e0s to strengthen the relationship between vocational training and companies.\",\"datePublished\":\"2022-11-25T15:37:08+00:00\",\"mainEntityOfPage\":{\"@id\":\"https:\\\/\\\/www.grupboix.com\\\/en\\\/round-table-at-the-diocesan-school-of-navas-to-strengthen-the-relationship-between-vocational-training-and-companies\\\/\"},\"wordCount\":208,\"image\":{\"@id\":\"https:\\\/\\\/www.grupboix.com\\\/en\\\/round-table-at-the-diocesan-school-of-navas-to-strengthen-the-relationship-between-vocational-training-and-companies\\\/#primaryimage\"},\"thumbnailUrl\":\"https:\\\/\\\/www.grupboix.com\\\/wp-content\\\/uploads\\\/2022\\\/11\\\/imatge-oberta-de-lacte.jpg\",\"inLanguage\":\"en-US\"},{\"@type\":\"WebPage\",\"@id\":\"https:\\\/\\\/www.grupboix.com\\\/en\\\/round-table-at-the-diocesan-school-of-navas-to-strengthen-the-relationship-between-vocational-training-and-companies\\\/\",\"url\":\"https:\\\/\\\/www.grupboix.com\\\/en\\\/round-table-at-the-diocesan-school-of-navas-to-strengthen-the-relationship-between-vocational-training-and-companies\\\/\",\"name\":\"Round table at the Diocesan School of Nav\u00e0s to strengthen the relationship between vocational training and companies. - Grup Boix\",\"isPartOf\":{\"@id\":\"https:\\\/\\\/www.grupboix.com\\\/#website\"},\"primaryImageOfPage\":{\"@id\":\"https:\\\/\\\/www.grupboix.com\\\/en\\\/round-table-at-the-diocesan-school-of-navas-to-strengthen-the-relationship-between-vocational-training-and-companies\\\/#primaryimage\"},\"image\":{\"@id\":\"https:\\\/\\\/www.grupboix.com\\\/en\\\/round-table-at-the-diocesan-school-of-navas-to-strengthen-the-relationship-between-vocational-training-and-companies\\\/#primaryimage\"},\"thumbnailUrl\":\"https:\\\/\\\/www.grupboix.com\\\/wp-content\\\/uploads\\\/2022\\\/11\\\/imatge-oberta-de-lacte.jpg\",\"datePublished\":\"2022-11-25T15:37:08+00:00\",\"author\":{\"@id\":\"https:\\\/\\\/www.grupboix.com\\\/#\\\/schema\\\/person\\\/282ab5532bc4ce63387493640bb551f6\"},\"description\":\"Round table to understand the importance of vocational training and the real need for qualified personnel in companies.\",\"inLanguage\":\"en-US\",\"potentialAction\":[{\"@type\":\"ReadAction\",\"target\":[\"https:\\\/\\\/www.grupboix.com\\\/en\\\/round-table-at-the-diocesan-school-of-navas-to-strengthen-the-relationship-between-vocational-training-and-companies\\\/\"]}]},{\"@type\":\"ImageObject\",\"inLanguage\":\"en-US\",\"@id\":\"https:\\\/\\\/www.grupboix.com\\\/en\\\/round-table-at-the-diocesan-school-of-navas-to-strengthen-the-relationship-between-vocational-training-and-companies\\\/#primaryimage\",\"url\":\"https:\\\/\\\/www.grupboix.com\\\/wp-content\\\/uploads\\\/2022\\\/11\\\/imatge-oberta-de-lacte.jpg\",\"contentUrl\":\"https:\\\/\\\/www.grupboix.com\\\/wp-content\\\/uploads\\\/2022\\\/11\\\/imatge-oberta-de-lacte.jpg\",\"width\":1600,\"height\":900},{\"@type\":\"WebSite\",\"@id\":\"https:\\\/\\\/www.grupboix.com\\\/#website\",\"url\":\"https:\\\/\\\/www.grupboix.com\\\/\",\"name\":\"Grup Boix\",\"description\":\"Fusta avui, bosc per sempre! Assegurar la protecci\u00f3, la regeneraci\u00f3 i la superviv\u00e8ncia dels boscos per millorar la seva capacitat d\u2019adaptaci\u00f3 i mantenir la biodiversitat\",\"potentialAction\":[{\"@type\":\"SearchAction\",\"target\":{\"@type\":\"EntryPoint\",\"urlTemplate\":\"https:\\\/\\\/www.grupboix.com\\\/?s={search_term_string}\"},\"query-input\":{\"@type\":\"PropertyValueSpecification\",\"valueRequired\":true,\"valueName\":\"search_term_string\"}}],\"inLanguage\":\"en-US\"},{\"@type\":\"Person\",\"@id\":\"https:\\\/\\\/www.grupboix.com\\\/#\\\/schema\\\/person\\\/282ab5532bc4ce63387493640bb551f6\",\"name\":\"SalviM\",\"url\":\"https:\\\/\\\/www.grupboix.com\\\/en\\\/author\\\/gb_salvi\\\/\"}]}<\/script>\n<!-- \/ Yoast SEO plugin. -->","yoast_head_json":{"title":"Round table at the Diocesan School of Nav\u00e0s to strengthen the relationship between vocational training and companies. - Grup Boix","description":"Round table to understand the importance of vocational training and the real need for qualified personnel in companies.","robots":{"index":"index","follow":"follow","max-snippet":"max-snippet:-1","max-image-preview":"max-image-preview:large","max-video-preview":"max-video-preview:-1"},"canonical":"https:\/\/www.grupboix.com\/en\/round-table-at-the-diocesan-school-of-navas-to-strengthen-the-relationship-between-vocational-training-and-companies\/","og_locale":"en_US","og_type":"article","og_title":"Round table at the Diocesan School of Nav\u00e0s to strengthen the relationship between vocational training and companies. - Grup Boix","og_description":"Round table to understand the importance of vocational training and the real need for qualified personnel in companies.","og_url":"https:\/\/www.grupboix.com\/en\/round-table-at-the-diocesan-school-of-navas-to-strengthen-the-relationship-between-vocational-training-and-companies\/","og_site_name":"Grup Boix","article_publisher":"https:\/\/www.facebook.com\/serradoraboix","article_published_time":"2022-11-25T15:37:08+00:00","og_image":[{"width":1600,"height":900,"url":"https:\/\/www.grupboix.com\/wp-content\/uploads\/2022\/11\/imatge-oberta-de-lacte.jpg","type":"image\/jpeg"}],"author":"SalviM","twitter_card":"summary_large_image","twitter_creator":"@serradoraboix","twitter_site":"@serradoraboix","twitter_misc":{"Written by":"SalviM","Est. reading time":"1 minute"},"schema":{"@context":"https:\/\/schema.org","@graph":[{"@type":"Article","@id":"https:\/\/www.grupboix.com\/en\/round-table-at-the-diocesan-school-of-navas-to-strengthen-the-relationship-between-vocational-training-and-companies\/#article","isPartOf":{"@id":"https:\/\/www.grupboix.com\/en\/round-table-at-the-diocesan-school-of-navas-to-strengthen-the-relationship-between-vocational-training-and-companies\/"},"author":{"name":"SalviM","@id":"https:\/\/www.grupboix.com\/#\/schema\/person\/282ab5532bc4ce63387493640bb551f6"},"headline":"Round table at the Diocesan School of Nav\u00e0s to strengthen the relationship between vocational training and companies.","datePublished":"2022-11-25T15:37:08+00:00","mainEntityOfPage":{"@id":"https:\/\/www.grupboix.com\/en\/round-table-at-the-diocesan-school-of-navas-to-strengthen-the-relationship-between-vocational-training-and-companies\/"},"wordCount":208,"image":{"@id":"https:\/\/www.grupboix.com\/en\/round-table-at-the-diocesan-school-of-navas-to-strengthen-the-relationship-between-vocational-training-and-companies\/#primaryimage"},"thumbnailUrl":"https:\/\/www.grupboix.com\/wp-content\/uploads\/2022\/11\/imatge-oberta-de-lacte.jpg","inLanguage":"en-US"},{"@type":"WebPage","@id":"https:\/\/www.grupboix.com\/en\/round-table-at-the-diocesan-school-of-navas-to-strengthen-the-relationship-between-vocational-training-and-companies\/","url":"https:\/\/www.grupboix.com\/en\/round-table-at-the-diocesan-school-of-navas-to-strengthen-the-relationship-between-vocational-training-and-companies\/","name":"Round table at the Diocesan School of Nav\u00e0s to strengthen the relationship between vocational training and companies. - Grup Boix","isPartOf":{"@id":"https:\/\/www.grupboix.com\/#website"},"primaryImageOfPage":{"@id":"https:\/\/www.grupboix.com\/en\/round-table-at-the-diocesan-school-of-navas-to-strengthen-the-relationship-between-vocational-training-and-companies\/#primaryimage"},"image":{"@id":"https:\/\/www.grupboix.com\/en\/round-table-at-the-diocesan-school-of-navas-to-strengthen-the-relationship-between-vocational-training-and-companies\/#primaryimage"},"thumbnailUrl":"https:\/\/www.grupboix.com\/wp-content\/uploads\/2022\/11\/imatge-oberta-de-lacte.jpg","datePublished":"2022-11-25T15:37:08+00:00","author":{"@id":"https:\/\/www.grupboix.com\/#\/schema\/person\/282ab5532bc4ce63387493640bb551f6"},"description":"Round table to understand the importance of vocational training and the real need for qualified personnel in companies.","inLanguage":"en-US","potentialAction":[{"@type":"ReadAction","target":["https:\/\/www.grupboix.com\/en\/round-table-at-the-diocesan-school-of-navas-to-strengthen-the-relationship-between-vocational-training-and-companies\/"]}]},{"@type":"ImageObject","inLanguage":"en-US","@id":"https:\/\/www.grupboix.com\/en\/round-table-at-the-diocesan-school-of-navas-to-strengthen-the-relationship-between-vocational-training-and-companies\/#primaryimage","url":"https:\/\/www.grupboix.com\/wp-content\/uploads\/2022\/11\/imatge-oberta-de-lacte.jpg","contentUrl":"https:\/\/www.grupboix.com\/wp-content\/uploads\/2022\/11\/imatge-oberta-de-lacte.jpg","width":1600,"height":900},{"@type":"WebSite","@id":"https:\/\/www.grupboix.com\/#website","url":"https:\/\/www.grupboix.com\/","name":"Grup Boix","description":"Fusta avui, bosc per sempre! Assegurar la protecci\u00f3, la regeneraci\u00f3 i la superviv\u00e8ncia dels boscos per millorar la seva capacitat d\u2019adaptaci\u00f3 i mantenir la biodiversitat","potentialAction":[{"@type":"SearchAction","target":{"@type":"EntryPoint","urlTemplate":"https:\/\/www.grupboix.com\/?s={search_term_string}"},"query-input":{"@type":"PropertyValueSpecification","valueRequired":true,"valueName":"search_term_string"}}],"inLanguage":"en-US"},{"@type":"Person","@id":"https:\/\/www.grupboix.com\/#\/schema\/person\/282ab5532bc4ce63387493640bb551f6","name":"SalviM","url":"https:\/\/www.grupboix.com\/en\/author\/gb_salvi\/"}]}},"_links":{"self":[{"href":"https:\/\/www.grupboix.com\/en\/wp-json\/wp\/v2\/posts\/2088","targetHints":{"allow":["GET"]}}],"collection":[{"href":"https:\/\/www.grupboix.com\/en\/wp-json\/wp\/v2\/posts"}],"about":[{"href":"https:\/\/www.grupboix.com\/en\/wp-json\/wp\/v2\/types\/post"}],"author":[{"embeddable":true,"href":"https:\/\/www.grupboix.com\/en\/wp-json\/wp\/v2\/users\/8"}],"replies":[{"embeddable":true,"href":"https:\/\/www.grupboix.com\/en\/wp-json\/wp\/v2\/comments?post=2088"}],"version-history":[{"count":1,"href":"https:\/\/www.grupboix.com\/en\/wp-json\/wp\/v2\/posts\/2088\/revisions"}],"predecessor-version":[{"id":2089,"href":"https:\/\/www.grupboix.com\/en\/wp-json\/wp\/v2\/posts\/2088\/revisions\/2089"}],"wp:featuredmedia":[{"embeddable":true,"href":"https:\/\/www.grupboix.com\/en\/wp-json\/wp\/v2\/media\/2076"}],"wp:attachment":[{"href":"https:\/\/www.grupboix.com\/en\/wp-json\/wp\/v2\/media?parent=2088"}],"wp:term":[{"taxonomy":"category","embeddable":true,"href":"https:\/\/www.grupboix.com\/en\/wp-json\/wp\/v2\/categories?post=2088"},{"taxonomy":"post_tag","embeddable":true,"href":"https:\/\/www.grupboix.com\/en\/wp-json\/wp\/v2\/tags?post=2088"}],"curies":[{"name":"wp","href":"https:\/\/api.w.org\/{rel}","templated":true}]}}